{"id":6145,"date":"2022-10-05T03:25:04","date_gmt":"2022-10-05T08:25:04","guid":{"rendered":"https:\/\/deavilaabogados.com\/blog\/?p=6145"},"modified":"2022-10-05T05:17:57","modified_gmt":"2022-10-05T10:17:57","slug":"requisito-del-bono-joven-de-alquiler-de-250-euros","status":"publish","type":"post","link":"https:\/\/deavilaabogados.com\/blog\/2022\/10\/05\/requisito-del-bono-joven-de-alquiler-de-250-euros\/","title":{"rendered":"Requisito del Bono joven de alquiler de 250 euros"},"content":{"rendered":"\t\t<div data-elementor-type=\"wp-post\" data-elementor-id=\"6145\" class=\"elementor elementor-6145\">\n\t\t\t\t\t\t\t\t\t<section class=\"elementor-section elementor-top-section elementor-element elementor-element-bdef46e elementor-section-boxed elementor-section-height-default elementor-section-height-default qodef-elementor-content-no\" data-id=\"bdef46e\" data-element_type=\"section\">\n\t\t\t\t\t\t<div class=\"elementor-container elementor-column-gap-default\">\n\t\t\t\t\t<div class=\"elementor-column elementor-col-100 elementor-top-column elementor-element elementor-element-f0cb9e8\" data-id=\"f0cb9e8\" data-element_type=\"column\">\n\t\t\t<div class=\"elementor-widget-wrap elementor-element-populated\">\n\t\t\t\t\t\t\t\t<div class=\"elementor-element elementor-element-0f79068 elementor-widget elementor-widget-text-editor\" data-id=\"0f79068\" data-element_type=\"widget\" data-widget_type=\"text-editor.default\">\n\t\t\t\t<div class=\"elementor-widget-container\">\n\t\t\t<style>\/*! elementor - v3.11.5 - 14-03-2023 *\/\n.elementor-widget-text-editor.elementor-drop-cap-view-stacked .elementor-drop-cap{background-color:#818a91;color:#fff}.elementor-widget-text-editor.elementor-drop-cap-view-framed .elementor-drop-cap{color:#818a91;border:3px solid;background-color:transparent}.elementor-widget-text-editor:not(.elementor-drop-cap-view-default) .elementor-drop-cap{margin-top:8px}.elementor-widget-text-editor:not(.elementor-drop-cap-view-default) .elementor-drop-cap-letter{width:1em;height:1em}.elementor-widget-text-editor .elementor-drop-cap{float:left;text-align:center;line-height:1;font-size:50px}.elementor-widget-text-editor .elementor-drop-cap-letter{display:inline-block}<\/style>\t\t\t\t<p><span style=\"color: #000000;\">Tratarse de personas f\u00edsicas mayores de edad, hasta treinta y cinco a\u00f1os, incluidos, en el momento de solicitar la ayuda, con nacionalidad espa\u00f1ola, o la de alguno de los Estados miembros de la Uni\u00f3n Europea o personas extranjeras no comunitarios en situaci\u00f3n de residencia regular en Espa\u00f1a.<\/span><\/p><p><span style=\"color: #000000;\">Ser titular de un contrato de arrendamiento de vivienda regido por la LAU 29\/1994, de 24 de noviembre, o cesionario, de un contrato de cesi\u00f3n de uso.<\/span><\/p><p><span style=\"color: #000000;\">Percibir ingresos anuales iguales o inferiores a 3 veces el Indicador P\u00fablico de Renta de Efectos M\u00faltiples (IPREM 2022), 24.318,84 euros, incluidos los de las personas que tengan su domicilio habitual y permanente en la vivienda arrendada, consten o no como titulares del contrato de arrendamiento o cesi\u00f3n. En el supuesto de alquiler de habitaci\u00f3n no se incluir\u00e1 la renta de las personas que tengan su domicilio habitual y permanente en la vivienda.<\/span><\/p><p><span style=\"color: #000000;\">A efectos de los ingresos, es necesario que provengan de una fuente regular de ingresos: trabajo por cuenta propia o ajena, el personal investigador en formaci\u00f3n y las personas perceptoras de una prestaci\u00f3n social p\u00fablica de car\u00e1cter peri\u00f3dico, contributiva o asistencial, con una vida laboral de, al menos, tres meses de antig\u00fcedad, en los seis meses inmediatamente anteriores al momento de la solicitud, o una duraci\u00f3n prevista de la fuente de ingresos de, al menos, seis meses contados desde el d\u00eda de su solicitud.<\/span><\/p><p><span style=\"color: #000000;\">En supuesto de actividades empresariales, profesionales o art\u00edsticas, la acreditaci\u00f3n de las rentas se referir\u00e1 al rendimiento neto de dicha actividad econ\u00f3mica calculado con car\u00e1cter previo a la aplicaci\u00f3n de las reducciones del art. 32 de la Ley 35\/2006, de 28 de noviembre, del IRPF, correspondientes a la declaraci\u00f3n presentada por la persona solicitante, relativa al periodo impositivo inmediatamente anterior con plazo de presentaci\u00f3n vencido a la solicitud del Bono Alquiler Joven.<\/span><\/p>\t\t\t\t\t\t<\/div>\n\t\t\t\t<\/div>\n\t\t\t\t\t<\/div>\n\t\t<\/div>\n\t\t\t\t\t\t\t<\/div>\n\t\t<\/section>\n\t\t\t\t\t\t\t<\/div>\n\t\t","protected":false},"excerpt":{"rendered":"<p>Tratarse de personas f\u00edsicas mayores de edad, hasta treinta y cinco a\u00f1os, incluidos, en el momento de solicitar la ayuda, con nacionalidad espa\u00f1ola, o la de alguno de los Estados miembros de la Uni\u00f3n Europea o personas extranjeras no comunitarios en situaci\u00f3n de residencia regular en Espa\u00f1a. Ser titular de un contrato de arrendamiento de [&hellip;]<\/p>\n","protected":false},"author":1,"featured_media":6150,"comment_status":"open","ping_status":"open","sticky":false,"template":"","format":"standard","meta":{"footnotes":""},"categories":[113],"tags":[],"class_list":["post-6145","post","type-post","status-publish","format-standard","has-post-thumbnail","hentry","category-noticias"],"yoast_head":"<!-- This site is optimized with the Yoast SEO plugin v20.5 - https:\/\/yoast.com\/wordpress\/plugins\/seo\/ -->\n<title>Requisito del Bono joven de alquiler de 250 euros - De Avila Abogados Blog<\/title>\n<meta name=\"robots\" content=\"index, follow, max-snippet:-1, max-image-preview:large, max-video-preview:-1\" \/>\n<link rel=\"canonical\" href=\"https:\/\/deavilaabogados.com\/blog\/2022\/10\/05\/requisito-del-bono-joven-de-alquiler-de-250-euros\/\" \/>\n<meta property=\"og:locale\" content=\"es_ES\" \/>\n<meta property=\"og:type\" content=\"article\" \/>\n<meta property=\"og:title\" content=\"Requisito del Bono joven de alquiler de 250 euros - De Avila Abogados Blog\" \/>\n<meta property=\"og:description\" content=\"Tratarse de personas f\u00edsicas mayores de edad, hasta treinta y cinco a\u00f1os, incluidos, en el momento de solicitar la ayuda, con nacionalidad espa\u00f1ola, o la de alguno de los Estados miembros de la Uni\u00f3n Europea o personas extranjeras no comunitarios en situaci\u00f3n de residencia regular en Espa\u00f1a. Ser titular de un contrato de arrendamiento de [&hellip;]\" \/>\n<meta property=\"og:url\" content=\"https:\/\/deavilaabogados.com\/blog\/2022\/10\/05\/requisito-del-bono-joven-de-alquiler-de-250-euros\/\" \/>\n<meta property=\"og:site_name\" content=\"De Avila Abogados Blog\" \/>\n<meta property=\"article:publisher\" content=\"https:\/\/www.facebook.com\/bufetedeavila\" \/>\n<meta property=\"article:published_time\" content=\"2022-10-05T08:25:04+00:00\" \/>\n<meta property=\"article:modified_time\" content=\"2022-10-05T10:17:57+00:00\" \/>\n<meta property=\"og:image\" content=\"https:\/\/deavilaabogados.com\/blog\/wp-content\/uploads\/2022\/10\/bono-joven.jpg\" \/>\n\t<meta property=\"og:image:width\" content=\"1200\" \/>\n\t<meta property=\"og:image:height\" content=\"800\" \/>\n\t<meta property=\"og:image:type\" content=\"image\/jpeg\" \/>\n<meta name=\"author\" content=\"Patricia Cebolla De \u00c1vila\" \/>\n<meta name=\"twitter:card\" content=\"summary_large_image\" \/>\n<meta name=\"twitter:creator\" content=\"@Bufete_DeAvila\" \/>\n<meta name=\"twitter:site\" content=\"@Bufete_DeAvila\" \/>\n<meta name=\"twitter:label1\" content=\"Escrito por\" \/>\n\t<meta name=\"twitter:data1\" content=\"Patricia Cebolla De \u00c1vila\" \/>\n\t<meta name=\"twitter:label2\" content=\"Tiempo de lectura\" \/>\n\t<meta name=\"twitter:data2\" content=\"2 minutos\" \/>\n<script type=\"application\/ld+json\" class=\"yoast-schema-graph\">{\"@context\":\"https:\/\/schema.org\",\"@graph\":[{\"@type\":\"Article\",\"@id\":\"https:\/\/deavilaabogados.com\/blog\/2022\/10\/05\/requisito-del-bono-joven-de-alquiler-de-250-euros\/#article\",\"isPartOf\":{\"@id\":\"https:\/\/deavilaabogados.com\/blog\/2022\/10\/05\/requisito-del-bono-joven-de-alquiler-de-250-euros\/\"},\"author\":{\"name\":\"Patricia Cebolla De \u00c1vila\",\"@id\":\"https:\/\/deavilaabogados.com\/blog\/#\/schema\/person\/653920f6b3a8583f0b82394cf1c793ce\"},\"headline\":\"Requisito del Bono joven de alquiler de 250 euros\",\"datePublished\":\"2022-10-05T08:25:04+00:00\",\"dateModified\":\"2022-10-05T10:17:57+00:00\",\"mainEntityOfPage\":{\"@id\":\"https:\/\/deavilaabogados.com\/blog\/2022\/10\/05\/requisito-del-bono-joven-de-alquiler-de-250-euros\/\"},\"wordCount\":329,\"commentCount\":0,\"publisher\":{\"@id\":\"https:\/\/deavilaabogados.com\/blog\/#organization\"},\"articleSection\":[\"Noticias\"],\"inLanguage\":\"es\",\"potentialAction\":[{\"@type\":\"CommentAction\",\"name\":\"Comment\",\"target\":[\"https:\/\/deavilaabogados.com\/blog\/2022\/10\/05\/requisito-del-bono-joven-de-alquiler-de-250-euros\/#respond\"]}]},{\"@type\":\"WebPage\",\"@id\":\"https:\/\/deavilaabogados.com\/blog\/2022\/10\/05\/requisito-del-bono-joven-de-alquiler-de-250-euros\/\",\"url\":\"https:\/\/deavilaabogados.com\/blog\/2022\/10\/05\/requisito-del-bono-joven-de-alquiler-de-250-euros\/\",\"name\":\"Requisito del Bono joven de alquiler de 250 euros - De Avila Abogados Blog\",\"isPartOf\":{\"@id\":\"https:\/\/deavilaabogados.com\/blog\/#website\"},\"datePublished\":\"2022-10-05T08:25:04+00:00\",\"dateModified\":\"2022-10-05T10:17:57+00:00\",\"breadcrumb\":{\"@id\":\"https:\/\/deavilaabogados.com\/blog\/2022\/10\/05\/requisito-del-bono-joven-de-alquiler-de-250-euros\/#breadcrumb\"},\"inLanguage\":\"es\",\"potentialAction\":[{\"@type\":\"ReadAction\",\"target\":[\"https:\/\/deavilaabogados.com\/blog\/2022\/10\/05\/requisito-del-bono-joven-de-alquiler-de-250-euros\/\"]}]},{\"@type\":\"BreadcrumbList\",\"@id\":\"https:\/\/deavilaabogados.com\/blog\/2022\/10\/05\/requisito-del-bono-joven-de-alquiler-de-250-euros\/#breadcrumb\",\"itemListElement\":[{\"@type\":\"ListItem\",\"position\":1,\"name\":\"Portada\",\"item\":\"https:\/\/deavilaabogados.com\/blog\/\"},{\"@type\":\"ListItem\",\"position\":2,\"name\":\"Requisito del Bono joven de alquiler de 250 euros\"}]},{\"@type\":\"WebSite\",\"@id\":\"https:\/\/deavilaabogados.com\/blog\/#website\",\"url\":\"https:\/\/deavilaabogados.com\/blog\/\",\"name\":\"De \u00c1vila Abogados Blog\",\"description\":\"Abogados especialistas en propiedad\",\"publisher\":{\"@id\":\"https:\/\/deavilaabogados.com\/blog\/#organization\"},\"potentialAction\":[{\"@type\":\"SearchAction\",\"target\":{\"@type\":\"EntryPoint\",\"urlTemplate\":\"https:\/\/deavilaabogados.com\/blog\/?s={search_term_string}\"},\"query-input\":\"required name=search_term_string\"}],\"inLanguage\":\"es\"},{\"@type\":\"Organization\",\"@id\":\"https:\/\/deavilaabogados.com\/blog\/#organization\",\"name\":\"De \u00c1vila Abogados Blog\",\"url\":\"https:\/\/deavilaabogados.com\/blog\/\",\"logo\":{\"@type\":\"ImageObject\",\"inLanguage\":\"es\",\"@id\":\"https:\/\/deavilaabogados.com\/blog\/#\/schema\/logo\/image\/\",\"url\":\"https:\/\/deavilaabogados.com\/blog\/wp-content\/uploads\/2022\/03\/logo-transparente.png\",\"contentUrl\":\"https:\/\/deavilaabogados.com\/blog\/wp-content\/uploads\/2022\/03\/logo-transparente.png\",\"width\":1000,\"height\":351,\"caption\":\"De \u00c1vila Abogados Blog\"},\"image\":{\"@id\":\"https:\/\/deavilaabogados.com\/blog\/#\/schema\/logo\/image\/\"},\"sameAs\":[\"https:\/\/www.facebook.com\/bufetedeavila\",\"https:\/\/twitter.com\/Bufete_DeAvila\"]},{\"@type\":\"Person\",\"@id\":\"https:\/\/deavilaabogados.com\/blog\/#\/schema\/person\/653920f6b3a8583f0b82394cf1c793ce\",\"name\":\"Patricia Cebolla De \u00c1vila\",\"image\":{\"@type\":\"ImageObject\",\"inLanguage\":\"es\",\"@id\":\"https:\/\/deavilaabogados.com\/blog\/#\/schema\/person\/image\/\",\"url\":\"https:\/\/secure.gravatar.com\/avatar\/98713b7f45cf48f108e24cfc454f7df357ab6ab98841ba100340638c5081c9cc?s=96&d=mm&r=g\",\"contentUrl\":\"https:\/\/secure.gravatar.com\/avatar\/98713b7f45cf48f108e24cfc454f7df357ab6ab98841ba100340638c5081c9cc?s=96&d=mm&r=g\",\"caption\":\"Patricia Cebolla De \u00c1vila\"},\"sameAs\":[\"https:\/\/deavilaabogados.com\/blog\"],\"url\":\"https:\/\/deavilaabogados.com\/blog\/author\/javierdeavila\/\"}]}<\/script>\n<!-- \/ Yoast SEO plugin. -->","yoast_head_json":{"title":"Requisito del Bono joven de alquiler de 250 euros - De Avila Abogados Blog","robots":{"index":"index","follow":"follow","max-snippet":"max-snippet:-1","max-image-preview":"max-image-preview:large","max-video-preview":"max-video-preview:-1"},"canonical":"https:\/\/deavilaabogados.com\/blog\/2022\/10\/05\/requisito-del-bono-joven-de-alquiler-de-250-euros\/","og_locale":"es_ES","og_type":"article","og_title":"Requisito del Bono joven de alquiler de 250 euros - De Avila Abogados Blog","og_description":"Tratarse de personas f\u00edsicas mayores de edad, hasta treinta y cinco a\u00f1os, incluidos, en el momento de solicitar la ayuda, con nacionalidad espa\u00f1ola, o la de alguno de los Estados miembros de la Uni\u00f3n Europea o personas extranjeras no comunitarios en situaci\u00f3n de residencia regular en Espa\u00f1a. Ser titular de un contrato de arrendamiento de [&hellip;]","og_url":"https:\/\/deavilaabogados.com\/blog\/2022\/10\/05\/requisito-del-bono-joven-de-alquiler-de-250-euros\/","og_site_name":"De Avila Abogados Blog","article_publisher":"https:\/\/www.facebook.com\/bufetedeavila","article_published_time":"2022-10-05T08:25:04+00:00","article_modified_time":"2022-10-05T10:17:57+00:00","og_image":[{"width":1200,"height":800,"url":"https:\/\/deavilaabogados.com\/blog\/wp-content\/uploads\/2022\/10\/bono-joven.jpg","type":"image\/jpeg"}],"author":"Patricia Cebolla De \u00c1vila","twitter_card":"summary_large_image","twitter_creator":"@Bufete_DeAvila","twitter_site":"@Bufete_DeAvila","twitter_misc":{"Escrito por":"Patricia Cebolla De \u00c1vila","Tiempo de lectura":"2 minutos"},"schema":{"@context":"https:\/\/schema.org","@graph":[{"@type":"Article","@id":"https:\/\/deavilaabogados.com\/blog\/2022\/10\/05\/requisito-del-bono-joven-de-alquiler-de-250-euros\/#article","isPartOf":{"@id":"https:\/\/deavilaabogados.com\/blog\/2022\/10\/05\/requisito-del-bono-joven-de-alquiler-de-250-euros\/"},"author":{"name":"Patricia Cebolla De \u00c1vila","@id":"https:\/\/deavilaabogados.com\/blog\/#\/schema\/person\/653920f6b3a8583f0b82394cf1c793ce"},"headline":"Requisito del Bono joven de alquiler de 250 euros","datePublished":"2022-10-05T08:25:04+00:00","dateModified":"2022-10-05T10:17:57+00:00","mainEntityOfPage":{"@id":"https:\/\/deavilaabogados.com\/blog\/2022\/10\/05\/requisito-del-bono-joven-de-alquiler-de-250-euros\/"},"wordCount":329,"commentCount":0,"publisher":{"@id":"https:\/\/deavilaabogados.com\/blog\/#organization"},"articleSection":["Noticias"],"inLanguage":"es","potentialAction":[{"@type":"CommentAction","name":"Comment","target":["https:\/\/deavilaabogados.com\/blog\/2022\/10\/05\/requisito-del-bono-joven-de-alquiler-de-250-euros\/#respond"]}]},{"@type":"WebPage","@id":"https:\/\/deavilaabogados.com\/blog\/2022\/10\/05\/requisito-del-bono-joven-de-alquiler-de-250-euros\/","url":"https:\/\/deavilaabogados.com\/blog\/2022\/10\/05\/requisito-del-bono-joven-de-alquiler-de-250-euros\/","name":"Requisito del Bono joven de alquiler de 250 euros - De Avila Abogados Blog","isPartOf":{"@id":"https:\/\/deavilaabogados.com\/blog\/#website"},"datePublished":"2022-10-05T08:25:04+00:00","dateModified":"2022-10-05T10:17:57+00:00","breadcrumb":{"@id":"https:\/\/deavilaabogados.com\/blog\/2022\/10\/05\/requisito-del-bono-joven-de-alquiler-de-250-euros\/#breadcrumb"},"inLanguage":"es","potentialAction":[{"@type":"ReadAction","target":["https:\/\/deavilaabogados.com\/blog\/2022\/10\/05\/requisito-del-bono-joven-de-alquiler-de-250-euros\/"]}]},{"@type":"BreadcrumbList","@id":"https:\/\/deavilaabogados.com\/blog\/2022\/10\/05\/requisito-del-bono-joven-de-alquiler-de-250-euros\/#breadcrumb","itemListElement":[{"@type":"ListItem","position":1,"name":"Portada","item":"https:\/\/deavilaabogados.com\/blog\/"},{"@type":"ListItem","position":2,"name":"Requisito del Bono joven de alquiler de 250 euros"}]},{"@type":"WebSite","@id":"https:\/\/deavilaabogados.com\/blog\/#website","url":"https:\/\/deavilaabogados.com\/blog\/","name":"De \u00c1vila Abogados Blog","description":"Abogados especialistas en propiedad","publisher":{"@id":"https:\/\/deavilaabogados.com\/blog\/#organization"},"potentialAction":[{"@type":"SearchAction","target":{"@type":"EntryPoint","urlTemplate":"https:\/\/deavilaabogados.com\/blog\/?s={search_term_string}"},"query-input":"required name=search_term_string"}],"inLanguage":"es"},{"@type":"Organization","@id":"https:\/\/deavilaabogados.com\/blog\/#organization","name":"De \u00c1vila Abogados Blog","url":"https:\/\/deavilaabogados.com\/blog\/","logo":{"@type":"ImageObject","inLanguage":"es","@id":"https:\/\/deavilaabogados.com\/blog\/#\/schema\/logo\/image\/","url":"https:\/\/deavilaabogados.com\/blog\/wp-content\/uploads\/2022\/03\/logo-transparente.png","contentUrl":"https:\/\/deavilaabogados.com\/blog\/wp-content\/uploads\/2022\/03\/logo-transparente.png","width":1000,"height":351,"caption":"De \u00c1vila Abogados Blog"},"image":{"@id":"https:\/\/deavilaabogados.com\/blog\/#\/schema\/logo\/image\/"},"sameAs":["https:\/\/www.facebook.com\/bufetedeavila","https:\/\/twitter.com\/Bufete_DeAvila"]},{"@type":"Person","@id":"https:\/\/deavilaabogados.com\/blog\/#\/schema\/person\/653920f6b3a8583f0b82394cf1c793ce","name":"Patricia Cebolla De \u00c1vila","image":{"@type":"ImageObject","inLanguage":"es","@id":"https:\/\/deavilaabogados.com\/blog\/#\/schema\/person\/image\/","url":"https:\/\/secure.gravatar.com\/avatar\/98713b7f45cf48f108e24cfc454f7df357ab6ab98841ba100340638c5081c9cc?s=96&d=mm&r=g","contentUrl":"https:\/\/secure.gravatar.com\/avatar\/98713b7f45cf48f108e24cfc454f7df357ab6ab98841ba100340638c5081c9cc?s=96&d=mm&r=g","caption":"Patricia Cebolla De \u00c1vila"},"sameAs":["https:\/\/deavilaabogados.com\/blog"],"url":"https:\/\/deavilaabogados.com\/blog\/author\/javierdeavila\/"}]}},"_links":{"self":[{"href":"https:\/\/deavilaabogados.com\/blog\/wp-json\/wp\/v2\/posts\/6145","targetHints":{"allow":["GET"]}}],"collection":[{"href":"https:\/\/deavilaabogados.com\/blog\/wp-json\/wp\/v2\/posts"}],"about":[{"href":"https:\/\/deavilaabogados.com\/blog\/wp-json\/wp\/v2\/types\/post"}],"author":[{"embeddable":true,"href":"https:\/\/deavilaabogados.com\/blog\/wp-json\/wp\/v2\/users\/1"}],"replies":[{"embeddable":true,"href":"https:\/\/deavilaabogados.com\/blog\/wp-json\/wp\/v2\/comments?post=6145"}],"version-history":[{"count":8,"href":"https:\/\/deavilaabogados.com\/blog\/wp-json\/wp\/v2\/posts\/6145\/revisions"}],"predecessor-version":[{"id":6155,"href":"https:\/\/deavilaabogados.com\/blog\/wp-json\/wp\/v2\/posts\/6145\/revisions\/6155"}],"wp:featuredmedia":[{"embeddable":true,"href":"https:\/\/deavilaabogados.com\/blog\/wp-json\/wp\/v2\/media\/6150"}],"wp:attachment":[{"href":"https:\/\/deavilaabogados.com\/blog\/wp-json\/wp\/v2\/media?parent=6145"}],"wp:term":[{"taxonomy":"category","embeddable":true,"href":"https:\/\/deavilaabogados.com\/blog\/wp-json\/wp\/v2\/categories?post=6145"},{"taxonomy":"post_tag","embeddable":true,"href":"https:\/\/deavilaabogados.com\/blog\/wp-json\/wp\/v2\/tags?post=6145"}],"curies":[{"name":"wp","href":"https:\/\/api.w.org\/{rel}","templated":true}]}}