{"id":6117,"date":"2022-09-07T07:34:20","date_gmt":"2022-09-07T12:34:20","guid":{"rendered":"https:\/\/deavilaabogados.com\/blog\/?p=6117"},"modified":"2022-09-07T07:42:53","modified_gmt":"2022-09-07T12:42:53","slug":"las-nuevas-cotizaciones-de-los-autonomos","status":"publish","type":"post","link":"https:\/\/deavilaabogados.com\/blog\/2022\/09\/07\/las-nuevas-cotizaciones-de-los-autonomos\/","title":{"rendered":"Las nuevas cotizaciones de los aut\u00f3nomos"},"content":{"rendered":"\t\t<div data-elementor-type=\"wp-post\" data-elementor-id=\"6117\" class=\"elementor elementor-6117\">\n\t\t\t\t\t\t\t\t\t<section class=\"elementor-section elementor-top-section elementor-element elementor-element-93b97e9 elementor-section-boxed elementor-section-height-default elementor-section-height-default qodef-elementor-content-no\" data-id=\"93b97e9\" data-element_type=\"section\">\n\t\t\t\t\t\t<div class=\"elementor-container elementor-column-gap-default\">\n\t\t\t\t\t<div class=\"elementor-column elementor-col-100 elementor-top-column elementor-element elementor-element-e31b804\" data-id=\"e31b804\" data-element_type=\"column\">\n\t\t\t<div class=\"elementor-widget-wrap elementor-element-populated\">\n\t\t\t\t\t\t\t\t<div class=\"elementor-element elementor-element-e8308f3 elementor-widget elementor-widget-text-editor\" data-id=\"e8308f3\" data-element_type=\"widget\" data-widget_type=\"text-editor.default\">\n\t\t\t\t<div class=\"elementor-widget-container\">\n\t\t\t<style>\/*! elementor - v3.11.5 - 14-03-2023 *\/\n.elementor-widget-text-editor.elementor-drop-cap-view-stacked .elementor-drop-cap{background-color:#818a91;color:#fff}.elementor-widget-text-editor.elementor-drop-cap-view-framed .elementor-drop-cap{color:#818a91;border:3px solid;background-color:transparent}.elementor-widget-text-editor:not(.elementor-drop-cap-view-default) .elementor-drop-cap{margin-top:8px}.elementor-widget-text-editor:not(.elementor-drop-cap-view-default) .elementor-drop-cap-letter{width:1em;height:1em}.elementor-widget-text-editor .elementor-drop-cap{float:left;text-align:center;line-height:1;font-size:50px}.elementor-widget-text-editor .elementor-drop-cap-letter{display:inline-block}<\/style>\t\t\t\t<p><br \/>El pasado 27 de junio se public\u00f3 en el BOE el real decreto-ley por el que se ha aprobado un nuevo sistema de cotizaci\u00f3n de los profesionales aut\u00f3nomos.<\/p><p>Este nuevo sistema entrar\u00e1 en vigor el 1 de enero de 2023 y establece que los trabajadores por cuenta propia cotizar\u00e1n en funci\u00f3n de sus ingresos. Es decir, que dependiendo de sus rendimientos netos, tendr\u00e1n que pagar una cantidad de cuota u otra.<\/p><p>El sistema contempla quince tramos de cotizaci\u00f3n seg\u00fan los ingresos, cuyas cuotas est\u00e1n ya aprobadas hasta 2025.<\/p><p><br \/>1. Ingresos por debajo de los 670 euros al mes. La cuota se mantiene en 230 euros en 2023. Al a\u00f1o siguiente la cuota baja a los 225 euros y pagar\u00e1 200 euros en 2025.<br \/>2. Ingresos mensuales entre 670 y 900 euros. La cuota en este caso ser\u00e1 de 260 euros en 2023, 250 en 2024 y 240 en 2025.<br \/>3. Rendimientos entre 900 y 1.166 euros al mes. En este tercer tramo, el a\u00f1o que viene pagar\u00e1n una cuota de 275 euros. Se reduce a los 267 en 2024 y 260 en el 2025.<br \/>4. Ingresos entre 1.167 y 1.300 euros al mes. La cuota ser\u00e1 de 291 euros en los tres a\u00f1os.<br \/>5. Rendimientos mensuales entre 1.300 y 1.500 euros. En este caso, la cupota se mantiene los tres a\u00f1os en 294 euros al mes.<br \/>6. Entre 1.500 y 1.700 euros al mes. Igual que el tramo anterior: cuota de 294 euros los tres a\u00f1os.<br \/>7. Entre 1.700 y 1.850 euros. En 2023 pagar\u00e1n 310 euros, y subir\u00e1 a 320 y 350 euros en 2024 y 2025, respectivamente.<br \/>8. Entre 1.850 y 2.030 euros. En 2023, la cuota ser\u00e1 de 315 euros, 325 euros en 2024 y 370 en 2025.<br \/>9. Entre 2.030 y 2.330 euros. El a\u00f1o que viene pagar\u00e1 una cuota de 320 euros y subir\u00e1 a los 330 euros en 2024 y 390 euros en 2025.<br \/>10. Entre 2.330 y 2.760 euros. 330 euros en 2023, 340 euros mensuales en 2024 y 415 euros en 2025.<br \/>11. Entre 2.760 y 3.190 euros de ingresos mensuales. Las cuotas ser\u00e1n: 350 euros en 2023, 360 euros en 2024 y 440 euros en 2025.<br \/>12. Entre 3.190 y 3.620 euros. En este tramo los aut\u00f3nomos tendr\u00e1n unas cuotas de 370 euros en 2023, de 380 euros en 2024 y 465 euros en 2025.<br \/>13. Entre 3.620 y 4.050 euros de ingresos al mes, la cuota el pr\u00f3ximo a\u00f1o ser\u00e1 de 390 euros al mes, subir\u00e1 a los 400 en 2024 y a los 490 euros en 2025.<br \/>14. Entre 4.050 y 6.000 euros. Las cuotas en este tramo ser\u00e1n de 420 euros el pr\u00f3ximo a\u00f1o, 450 euros en 2024 y 530 euros en 2025.<br \/>15. Ingresos superiores a 6.000 euros al mes: pagar\u00e1n 500 euros en 2023, subir\u00e1 a los 530 euros en 2024 y llegar\u00e1 a los 590 euros en 2025.<\/p><p><br \/>Adem\u00e1s, para elegir el tramo de cotizaci\u00f3n, los aut\u00f3nomos deber\u00e1n hacer una previsi\u00f3n al principio de a\u00f1o de sus rendimientos netos (ingresos menos gastos), incluyendo la deducci\u00f3n del 7% de los gastos gen\u00e9ricos (el 3% en el caso de los aut\u00f3nomos societarios).<br \/>Sin embargo, como los ingresos de los aut\u00f3nomos pueden y suelen ser variables, resulta dif\u00edcil establecer un \u00fanico tramo en todo el a\u00f1o, se podr\u00e1 ajustar la base de cotizaci\u00f3n hasta seis veces en un a\u00f1o. As\u00ed, el profesional aut\u00f3nomo podr\u00e1 ajustar su base, en funci\u00f3n de sus ingresos reales, cada dos meses. Es obligatorio indicar estos cambios a la Seguridad Social, o podr\u00eda haber sanciones.<\/p><p><br \/>Una reclamaci\u00f3n de los aut\u00f3nomos, es que la cuota se ajuste a los ingresos reales, pero parece que este sistema, sigue penalizando al aut\u00f3nomo que tenga ingresos inferiores a 670 euros al mes, con una cuota de aut\u00f3nomo de 230 euros, lo que no garantiza un m\u00ednimo vital de subsistencia.<br \/>Por \u00faltimo, la conocida como \u201ctarifa plana\u201d para nuevos aut\u00f3nomos. La cuota fija pasa de los 60 euros actuales a 80 euros al mes, solo si cobra menos del SMI, si cobra m\u00e1s empezar\u00e1 a cobrar en funci\u00f3n del tramo que le corresponda. <br \/>o cu\u00e1l en nuestra opini\u00f3n deber\u00eda aplicarse a todos los aut\u00f3nomos, \u00bfPor qu\u00e9 hay salario m\u00ednimo inembargable para los deudores?\u00bfPor qu\u00e9 hay una renta m\u00ednima vital para el que no tiene nada? \u00bfy por qu\u00e9 el aut\u00f3nomo no puede tener sus necesidades b\u00e1sicas cubiertas y luego pagar.? <\/p>\t\t\t\t\t\t<\/div>\n\t\t\t\t<\/div>\n\t\t\t\t\t<\/div>\n\t\t<\/div>\n\t\t\t\t\t\t\t<\/div>\n\t\t<\/section>\n\t\t\t\t\t\t\t<\/div>\n\t\t","protected":false},"excerpt":{"rendered":"<p>El pasado 27 de junio se public\u00f3 en el BOE el real decreto-ley por el que se ha aprobado un nuevo sistema de cotizaci\u00f3n de los profesionales aut\u00f3nomos. Este nuevo sistema entrar\u00e1 en vigor el 1 de enero de 2023 y establece que los trabajadores por cuenta propia cotizar\u00e1n en funci\u00f3n de sus ingresos. Es [&hellip;]<\/p>\n","protected":false},"author":1,"featured_media":6127,"comment_status":"open","ping_status":"open","sticky":false,"template":"","format":"standard","meta":{"footnotes":""},"categories":[113],"tags":[],"class_list":["post-6117","post","type-post","status-publish","format-standard","has-post-thumbnail","hentry","category-noticias"],"yoast_head":"<!-- This site is optimized with the Yoast SEO plugin v20.5 - https:\/\/yoast.com\/wordpress\/plugins\/seo\/ -->\n<title>Las nuevas cotizaciones de los aut\u00f3nomos - De Avila Abogados Blog<\/title>\n<meta name=\"robots\" content=\"index, follow, max-snippet:-1, max-image-preview:large, max-video-preview:-1\" \/>\n<link rel=\"canonical\" href=\"https:\/\/deavilaabogados.com\/blog\/2022\/09\/07\/las-nuevas-cotizaciones-de-los-autonomos\/\" \/>\n<meta property=\"og:locale\" content=\"es_ES\" \/>\n<meta property=\"og:type\" content=\"article\" \/>\n<meta property=\"og:title\" content=\"Las nuevas cotizaciones de los aut\u00f3nomos - De Avila Abogados Blog\" \/>\n<meta property=\"og:description\" content=\"El pasado 27 de junio se public\u00f3 en el BOE el real decreto-ley por el que se ha aprobado un nuevo sistema de cotizaci\u00f3n de los profesionales aut\u00f3nomos. Este nuevo sistema entrar\u00e1 en vigor el 1 de enero de 2023 y establece que los trabajadores por cuenta propia cotizar\u00e1n en funci\u00f3n de sus ingresos. Es [&hellip;]\" \/>\n<meta property=\"og:url\" content=\"https:\/\/deavilaabogados.com\/blog\/2022\/09\/07\/las-nuevas-cotizaciones-de-los-autonomos\/\" \/>\n<meta property=\"og:site_name\" content=\"De Avila Abogados Blog\" \/>\n<meta property=\"article:publisher\" content=\"https:\/\/www.facebook.com\/bufetedeavila\" \/>\n<meta property=\"article:published_time\" content=\"2022-09-07T12:34:20+00:00\" \/>\n<meta property=\"article:modified_time\" content=\"2022-09-07T12:42:53+00:00\" \/>\n<meta property=\"og:image\" content=\"https:\/\/deavilaabogados.com\/blog\/wp-content\/uploads\/2022\/09\/autonomo-eb-scaled.jpg\" \/>\n\t<meta property=\"og:image:width\" content=\"2560\" \/>\n\t<meta property=\"og:image:height\" content=\"1707\" \/>\n\t<meta property=\"og:image:type\" content=\"image\/jpeg\" \/>\n<meta name=\"author\" content=\"Patricia Cebolla De \u00c1vila\" \/>\n<meta name=\"twitter:card\" content=\"summary_large_image\" \/>\n<meta name=\"twitter:creator\" content=\"@Bufete_DeAvila\" \/>\n<meta name=\"twitter:site\" content=\"@Bufete_DeAvila\" \/>\n<meta name=\"twitter:label1\" content=\"Escrito por\" \/>\n\t<meta name=\"twitter:data1\" content=\"Patricia Cebolla De \u00c1vila\" \/>\n\t<meta name=\"twitter:label2\" content=\"Tiempo de lectura\" \/>\n\t<meta name=\"twitter:data2\" content=\"3 minutos\" \/>\n<script type=\"application\/ld+json\" class=\"yoast-schema-graph\">{\"@context\":\"https:\/\/schema.org\",\"@graph\":[{\"@type\":\"Article\",\"@id\":\"https:\/\/deavilaabogados.com\/blog\/2022\/09\/07\/las-nuevas-cotizaciones-de-los-autonomos\/#article\",\"isPartOf\":{\"@id\":\"https:\/\/deavilaabogados.com\/blog\/2022\/09\/07\/las-nuevas-cotizaciones-de-los-autonomos\/\"},\"author\":{\"name\":\"Patricia Cebolla De \u00c1vila\",\"@id\":\"https:\/\/deavilaabogados.com\/blog\/#\/schema\/person\/653920f6b3a8583f0b82394cf1c793ce\"},\"headline\":\"Las nuevas cotizaciones de los aut\u00f3nomos\",\"datePublished\":\"2022-09-07T12:34:20+00:00\",\"dateModified\":\"2022-09-07T12:42:53+00:00\",\"mainEntityOfPage\":{\"@id\":\"https:\/\/deavilaabogados.com\/blog\/2022\/09\/07\/las-nuevas-cotizaciones-de-los-autonomos\/\"},\"wordCount\":674,\"commentCount\":0,\"publisher\":{\"@id\":\"https:\/\/deavilaabogados.com\/blog\/#organization\"},\"articleSection\":[\"Noticias\"],\"inLanguage\":\"es\",\"potentialAction\":[{\"@type\":\"CommentAction\",\"name\":\"Comment\",\"target\":[\"https:\/\/deavilaabogados.com\/blog\/2022\/09\/07\/las-nuevas-cotizaciones-de-los-autonomos\/#respond\"]}]},{\"@type\":\"WebPage\",\"@id\":\"https:\/\/deavilaabogados.com\/blog\/2022\/09\/07\/las-nuevas-cotizaciones-de-los-autonomos\/\",\"url\":\"https:\/\/deavilaabogados.com\/blog\/2022\/09\/07\/las-nuevas-cotizaciones-de-los-autonomos\/\",\"name\":\"Las nuevas cotizaciones de los aut\u00f3nomos - De Avila Abogados Blog\",\"isPartOf\":{\"@id\":\"https:\/\/deavilaabogados.com\/blog\/#website\"},\"datePublished\":\"2022-09-07T12:34:20+00:00\",\"dateModified\":\"2022-09-07T12:42:53+00:00\",\"breadcrumb\":{\"@id\":\"https:\/\/deavilaabogados.com\/blog\/2022\/09\/07\/las-nuevas-cotizaciones-de-los-autonomos\/#breadcrumb\"},\"inLanguage\":\"es\",\"potentialAction\":[{\"@type\":\"ReadAction\",\"target\":[\"https:\/\/deavilaabogados.com\/blog\/2022\/09\/07\/las-nuevas-cotizaciones-de-los-autonomos\/\"]}]},{\"@type\":\"BreadcrumbList\",\"@id\":\"https:\/\/deavilaabogados.com\/blog\/2022\/09\/07\/las-nuevas-cotizaciones-de-los-autonomos\/#breadcrumb\",\"itemListElement\":[{\"@type\":\"ListItem\",\"position\":1,\"name\":\"Portada\",\"item\":\"https:\/\/deavilaabogados.com\/blog\/\"},{\"@type\":\"ListItem\",\"position\":2,\"name\":\"Las nuevas cotizaciones de los aut\u00f3nomos\"}]},{\"@type\":\"WebSite\",\"@id\":\"https:\/\/deavilaabogados.com\/blog\/#website\",\"url\":\"https:\/\/deavilaabogados.com\/blog\/\",\"name\":\"De \u00c1vila Abogados Blog\",\"description\":\"Abogados especialistas en propiedad\",\"publisher\":{\"@id\":\"https:\/\/deavilaabogados.com\/blog\/#organization\"},\"potentialAction\":[{\"@type\":\"SearchAction\",\"target\":{\"@type\":\"EntryPoint\",\"urlTemplate\":\"https:\/\/deavilaabogados.com\/blog\/?s={search_term_string}\"},\"query-input\":\"required name=search_term_string\"}],\"inLanguage\":\"es\"},{\"@type\":\"Organization\",\"@id\":\"https:\/\/deavilaabogados.com\/blog\/#organization\",\"name\":\"De \u00c1vila Abogados Blog\",\"url\":\"https:\/\/deavilaabogados.com\/blog\/\",\"logo\":{\"@type\":\"ImageObject\",\"inLanguage\":\"es\",\"@id\":\"https:\/\/deavilaabogados.com\/blog\/#\/schema\/logo\/image\/\",\"url\":\"https:\/\/deavilaabogados.com\/blog\/wp-content\/uploads\/2022\/03\/logo-transparente.png\",\"contentUrl\":\"https:\/\/deavilaabogados.com\/blog\/wp-content\/uploads\/2022\/03\/logo-transparente.png\",\"width\":1000,\"height\":351,\"caption\":\"De \u00c1vila Abogados Blog\"},\"image\":{\"@id\":\"https:\/\/deavilaabogados.com\/blog\/#\/schema\/logo\/image\/\"},\"sameAs\":[\"https:\/\/www.facebook.com\/bufetedeavila\",\"https:\/\/twitter.com\/Bufete_DeAvila\"]},{\"@type\":\"Person\",\"@id\":\"https:\/\/deavilaabogados.com\/blog\/#\/schema\/person\/653920f6b3a8583f0b82394cf1c793ce\",\"name\":\"Patricia Cebolla De \u00c1vila\",\"image\":{\"@type\":\"ImageObject\",\"inLanguage\":\"es\",\"@id\":\"https:\/\/deavilaabogados.com\/blog\/#\/schema\/person\/image\/\",\"url\":\"https:\/\/secure.gravatar.com\/avatar\/98713b7f45cf48f108e24cfc454f7df357ab6ab98841ba100340638c5081c9cc?s=96&d=mm&r=g\",\"contentUrl\":\"https:\/\/secure.gravatar.com\/avatar\/98713b7f45cf48f108e24cfc454f7df357ab6ab98841ba100340638c5081c9cc?s=96&d=mm&r=g\",\"caption\":\"Patricia Cebolla De \u00c1vila\"},\"sameAs\":[\"https:\/\/deavilaabogados.com\/blog\"],\"url\":\"https:\/\/deavilaabogados.com\/blog\/author\/javierdeavila\/\"}]}<\/script>\n<!-- \/ Yoast SEO plugin. -->","yoast_head_json":{"title":"Las nuevas cotizaciones de los aut\u00f3nomos - De Avila Abogados Blog","robots":{"index":"index","follow":"follow","max-snippet":"max-snippet:-1","max-image-preview":"max-image-preview:large","max-video-preview":"max-video-preview:-1"},"canonical":"https:\/\/deavilaabogados.com\/blog\/2022\/09\/07\/las-nuevas-cotizaciones-de-los-autonomos\/","og_locale":"es_ES","og_type":"article","og_title":"Las nuevas cotizaciones de los aut\u00f3nomos - De Avila Abogados Blog","og_description":"El pasado 27 de junio se public\u00f3 en el BOE el real decreto-ley por el que se ha aprobado un nuevo sistema de cotizaci\u00f3n de los profesionales aut\u00f3nomos. Este nuevo sistema entrar\u00e1 en vigor el 1 de enero de 2023 y establece que los trabajadores por cuenta propia cotizar\u00e1n en funci\u00f3n de sus ingresos. Es [&hellip;]","og_url":"https:\/\/deavilaabogados.com\/blog\/2022\/09\/07\/las-nuevas-cotizaciones-de-los-autonomos\/","og_site_name":"De Avila Abogados Blog","article_publisher":"https:\/\/www.facebook.com\/bufetedeavila","article_published_time":"2022-09-07T12:34:20+00:00","article_modified_time":"2022-09-07T12:42:53+00:00","og_image":[{"width":2560,"height":1707,"url":"https:\/\/deavilaabogados.com\/blog\/wp-content\/uploads\/2022\/09\/autonomo-eb-scaled.jpg","type":"image\/jpeg"}],"author":"Patricia Cebolla De \u00c1vila","twitter_card":"summary_large_image","twitter_creator":"@Bufete_DeAvila","twitter_site":"@Bufete_DeAvila","twitter_misc":{"Escrito por":"Patricia Cebolla De \u00c1vila","Tiempo de lectura":"3 minutos"},"schema":{"@context":"https:\/\/schema.org","@graph":[{"@type":"Article","@id":"https:\/\/deavilaabogados.com\/blog\/2022\/09\/07\/las-nuevas-cotizaciones-de-los-autonomos\/#article","isPartOf":{"@id":"https:\/\/deavilaabogados.com\/blog\/2022\/09\/07\/las-nuevas-cotizaciones-de-los-autonomos\/"},"author":{"name":"Patricia Cebolla De \u00c1vila","@id":"https:\/\/deavilaabogados.com\/blog\/#\/schema\/person\/653920f6b3a8583f0b82394cf1c793ce"},"headline":"Las nuevas cotizaciones de los aut\u00f3nomos","datePublished":"2022-09-07T12:34:20+00:00","dateModified":"2022-09-07T12:42:53+00:00","mainEntityOfPage":{"@id":"https:\/\/deavilaabogados.com\/blog\/2022\/09\/07\/las-nuevas-cotizaciones-de-los-autonomos\/"},"wordCount":674,"commentCount":0,"publisher":{"@id":"https:\/\/deavilaabogados.com\/blog\/#organization"},"articleSection":["Noticias"],"inLanguage":"es","potentialAction":[{"@type":"CommentAction","name":"Comment","target":["https:\/\/deavilaabogados.com\/blog\/2022\/09\/07\/las-nuevas-cotizaciones-de-los-autonomos\/#respond"]}]},{"@type":"WebPage","@id":"https:\/\/deavilaabogados.com\/blog\/2022\/09\/07\/las-nuevas-cotizaciones-de-los-autonomos\/","url":"https:\/\/deavilaabogados.com\/blog\/2022\/09\/07\/las-nuevas-cotizaciones-de-los-autonomos\/","name":"Las nuevas cotizaciones de los aut\u00f3nomos - De Avila Abogados Blog","isPartOf":{"@id":"https:\/\/deavilaabogados.com\/blog\/#website"},"datePublished":"2022-09-07T12:34:20+00:00","dateModified":"2022-09-07T12:42:53+00:00","breadcrumb":{"@id":"https:\/\/deavilaabogados.com\/blog\/2022\/09\/07\/las-nuevas-cotizaciones-de-los-autonomos\/#breadcrumb"},"inLanguage":"es","potentialAction":[{"@type":"ReadAction","target":["https:\/\/deavilaabogados.com\/blog\/2022\/09\/07\/las-nuevas-cotizaciones-de-los-autonomos\/"]}]},{"@type":"BreadcrumbList","@id":"https:\/\/deavilaabogados.com\/blog\/2022\/09\/07\/las-nuevas-cotizaciones-de-los-autonomos\/#breadcrumb","itemListElement":[{"@type":"ListItem","position":1,"name":"Portada","item":"https:\/\/deavilaabogados.com\/blog\/"},{"@type":"ListItem","position":2,"name":"Las nuevas cotizaciones de los aut\u00f3nomos"}]},{"@type":"WebSite","@id":"https:\/\/deavilaabogados.com\/blog\/#website","url":"https:\/\/deavilaabogados.com\/blog\/","name":"De \u00c1vila Abogados Blog","description":"Abogados especialistas en propiedad","publisher":{"@id":"https:\/\/deavilaabogados.com\/blog\/#organization"},"potentialAction":[{"@type":"SearchAction","target":{"@type":"EntryPoint","urlTemplate":"https:\/\/deavilaabogados.com\/blog\/?s={search_term_string}"},"query-input":"required name=search_term_string"}],"inLanguage":"es"},{"@type":"Organization","@id":"https:\/\/deavilaabogados.com\/blog\/#organization","name":"De \u00c1vila Abogados Blog","url":"https:\/\/deavilaabogados.com\/blog\/","logo":{"@type":"ImageObject","inLanguage":"es","@id":"https:\/\/deavilaabogados.com\/blog\/#\/schema\/logo\/image\/","url":"https:\/\/deavilaabogados.com\/blog\/wp-content\/uploads\/2022\/03\/logo-transparente.png","contentUrl":"https:\/\/deavilaabogados.com\/blog\/wp-content\/uploads\/2022\/03\/logo-transparente.png","width":1000,"height":351,"caption":"De \u00c1vila Abogados Blog"},"image":{"@id":"https:\/\/deavilaabogados.com\/blog\/#\/schema\/logo\/image\/"},"sameAs":["https:\/\/www.facebook.com\/bufetedeavila","https:\/\/twitter.com\/Bufete_DeAvila"]},{"@type":"Person","@id":"https:\/\/deavilaabogados.com\/blog\/#\/schema\/person\/653920f6b3a8583f0b82394cf1c793ce","name":"Patricia Cebolla De \u00c1vila","image":{"@type":"ImageObject","inLanguage":"es","@id":"https:\/\/deavilaabogados.com\/blog\/#\/schema\/person\/image\/","url":"https:\/\/secure.gravatar.com\/avatar\/98713b7f45cf48f108e24cfc454f7df357ab6ab98841ba100340638c5081c9cc?s=96&d=mm&r=g","contentUrl":"https:\/\/secure.gravatar.com\/avatar\/98713b7f45cf48f108e24cfc454f7df357ab6ab98841ba100340638c5081c9cc?s=96&d=mm&r=g","caption":"Patricia Cebolla De \u00c1vila"},"sameAs":["https:\/\/deavilaabogados.com\/blog"],"url":"https:\/\/deavilaabogados.com\/blog\/author\/javierdeavila\/"}]}},"_links":{"self":[{"href":"https:\/\/deavilaabogados.com\/blog\/wp-json\/wp\/v2\/posts\/6117","targetHints":{"allow":["GET"]}}],"collection":[{"href":"https:\/\/deavilaabogados.com\/blog\/wp-json\/wp\/v2\/posts"}],"about":[{"href":"https:\/\/deavilaabogados.com\/blog\/wp-json\/wp\/v2\/types\/post"}],"author":[{"embeddable":true,"href":"https:\/\/deavilaabogados.com\/blog\/wp-json\/wp\/v2\/users\/1"}],"replies":[{"embeddable":true,"href":"https:\/\/deavilaabogados.com\/blog\/wp-json\/wp\/v2\/comments?post=6117"}],"version-history":[{"count":9,"href":"https:\/\/deavilaabogados.com\/blog\/wp-json\/wp\/v2\/posts\/6117\/revisions"}],"predecessor-version":[{"id":6129,"href":"https:\/\/deavilaabogados.com\/blog\/wp-json\/wp\/v2\/posts\/6117\/revisions\/6129"}],"wp:featuredmedia":[{"embeddable":true,"href":"https:\/\/deavilaabogados.com\/blog\/wp-json\/wp\/v2\/media\/6127"}],"wp:attachment":[{"href":"https:\/\/deavilaabogados.com\/blog\/wp-json\/wp\/v2\/media?parent=6117"}],"wp:term":[{"taxonomy":"category","embeddable":true,"href":"https:\/\/deavilaabogados.com\/blog\/wp-json\/wp\/v2\/categories?post=6117"},{"taxonomy":"post_tag","embeddable":true,"href":"https:\/\/deavilaabogados.com\/blog\/wp-json\/wp\/v2\/tags?post=6117"}],"curies":[{"name":"wp","href":"https:\/\/api.w.org\/{rel}","templated":true}]}}