{"id":6086,"date":"2022-05-30T09:42:33","date_gmt":"2022-05-30T14:42:33","guid":{"rendered":"https:\/\/deavilaabogados.com\/blog\/?p=6086"},"modified":"2022-05-30T10:06:37","modified_gmt":"2022-05-30T15:06:37","slug":"la-division-judicial-de-la-herencia","status":"publish","type":"post","link":"https:\/\/deavilaabogados.com\/blog\/2022\/05\/30\/la-division-judicial-de-la-herencia\/","title":{"rendered":"La divisi\u00f3n judicial de la herencia"},"content":{"rendered":"\t\t<div data-elementor-type=\"wp-post\" data-elementor-id=\"6086\" class=\"elementor elementor-6086\">\n\t\t\t\t\t\t\t\t\t<section class=\"elementor-section elementor-top-section elementor-element elementor-element-aa29a6c elementor-section-boxed elementor-section-height-default elementor-section-height-default qodef-elementor-content-no\" data-id=\"aa29a6c\" data-element_type=\"section\">\n\t\t\t\t\t\t<div class=\"elementor-container elementor-column-gap-default\">\n\t\t\t\t\t<div class=\"elementor-column elementor-col-100 elementor-top-column elementor-element elementor-element-9bc0a87\" data-id=\"9bc0a87\" data-element_type=\"column\">\n\t\t\t<div class=\"elementor-widget-wrap elementor-element-populated\">\n\t\t\t\t\t\t\t\t<div class=\"elementor-element elementor-element-4cdeaef elementor-widget elementor-widget-text-editor\" data-id=\"4cdeaef\" data-element_type=\"widget\" data-widget_type=\"text-editor.default\">\n\t\t\t\t<div class=\"elementor-widget-container\">\n\t\t\t<style>\/*! elementor - v3.11.5 - 14-03-2023 *\/\n.elementor-widget-text-editor.elementor-drop-cap-view-stacked .elementor-drop-cap{background-color:#818a91;color:#fff}.elementor-widget-text-editor.elementor-drop-cap-view-framed .elementor-drop-cap{color:#818a91;border:3px solid;background-color:transparent}.elementor-widget-text-editor:not(.elementor-drop-cap-view-default) .elementor-drop-cap{margin-top:8px}.elementor-widget-text-editor:not(.elementor-drop-cap-view-default) .elementor-drop-cap-letter{width:1em;height:1em}.elementor-widget-text-editor .elementor-drop-cap{float:left;text-align:center;line-height:1;font-size:50px}.elementor-widget-text-editor .elementor-drop-cap-letter{display:inline-block}<\/style>\t\t\t\t<p><br \/>1. Introducci\u00f3n<br \/>2. Demanda de divisi\u00f3n judicial de la herencia<br \/>3. Formaci\u00f3n de inventario<br \/>4. Nombramiento de contador-partidor<br \/>5. Conclusiones<\/p><p><strong>1. Introducci\u00f3n<\/strong><br \/>Uno de los problemas m\u00e1s frecuentes cuando fallece una persona, es que los herederos no se ponen de acuerdo sobre su herencia y no quieren ir a la notaria a arreglar la documentaci\u00f3n necesaria para solventar este tr\u00e1mite legal. En el fondo suele haber problemas personales, no est\u00e1n de acuerdo con los bienes de la herencia o con la voluntad del testamento. Lo cierto, es que estos problemas deben resolverse de mutuo acuerdo, porque judicializar las herencias, solo conlleva mucho tiempo y un alto coste econ\u00f3mico, que a veces, no compensa con lo heredado.<br \/><strong>2. Demanda de Divisi\u00f3n judicial de la herencia.<\/strong><br \/>El procedimiento est\u00e1 regulado en el art\u00edculo 783 de la Ley de enjuiciamiento civil, la cual se puede examinar en este enlace. <a href=\"https:\/\/noticias.juridicas.com\/base_datos\/Privado\/l1-2000.l4t2.html#a782\">https:\/\/noticias.juridicas.com\/base_datos\/Privado\/l1-2000.l4t2.html#a782<\/a><br \/>La demanda debe llevar el certificado de defunci\u00f3n, \u00faltimas voluntades del difunto o testamento, y la relaci\u00f3n de bienes y deudas que forman la herencia. Y debe ser dirigida contra el resto de herederos.<br \/><strong>3. Formaci\u00f3n de inventario<\/strong><br \/>El secretario judicial citara a los herederos para formar el inventario si as\u00ed se hubiese pedido. Si alg\u00fan heredero no estuviera de acuerdo con el inventario propuesto, bien porque faltan bienes o deudas o faltan. Se celebrara un juicio verbal para que un juez decida cu\u00e1l es el inventario de la herencia, el cual se podr\u00e1 recurrir. <br \/><strong>5. Nombramiento de contador-partidor<\/strong><br \/>El secretario judicial, volver\u00e1 a citar a los herederos para que se pongan de acuerdo, en el nombramiento de contador-partidor y los peritos que valores los bienes, si no se ponen de acuerdo, se elegir\u00e1 por sorteo.<br \/>Una vez aceptado el cargo por el contador-partidor, ser\u00e1 el que realice las A la decisi\u00f3n del contador-partidor, se podr\u00e1n oponer los herederos, siendo se\u00f1alado un nuevo juicio verbal para que el juez decida en Sentencia sobre la misma. Dicha Sentencia tambi\u00e9n es recurrible.<br \/><strong>6. Conclusiones<\/strong><br \/>Este procedimiento judicial es muy largo y costoso, no siempre se obtiene el resultado y las expectativas deseadas por el heredero. Por eso es conveniente, a trav\u00e9s de un abogado, intentar llegar a un acuerdo entre todas las partes, que permita ahorrar dinero y disfrutar de vuestra herencia lo antes posible.<\/p><p>\u00a0<\/p>\t\t\t\t\t\t<\/div>\n\t\t\t\t<\/div>\n\t\t\t\t\t<\/div>\n\t\t<\/div>\n\t\t\t\t\t\t\t<\/div>\n\t\t<\/section>\n\t\t\t\t\t\t\t<\/div>\n\t\t","protected":false},"excerpt":{"rendered":"<p>1. Introducci\u00f3n 2. Demanda de divisi\u00f3n judicial de la herencia 3. Formaci\u00f3n de inventario 4. Nombramiento de contador-partidor 5. Conclusiones 1. Introducci\u00f3n Uno de los problemas m\u00e1s frecuentes cuando fallece una persona, es que los herederos no se ponen de acuerdo sobre su herencia y no quieren ir a la notaria a arreglar la documentaci\u00f3n [&hellip;]<\/p>\n","protected":false},"author":1,"featured_media":6091,"comment_status":"open","ping_status":"open","sticky":false,"template":"","format":"standard","meta":{"footnotes":""},"categories":[115,1],"tags":[],"class_list":["post-6086","post","type-post","status-publish","format-standard","has-post-thumbnail","hentry","category-articulos-juridicos","category-juridico"],"yoast_head":"<!-- This site is optimized with the Yoast SEO plugin v20.5 - https:\/\/yoast.com\/wordpress\/plugins\/seo\/ -->\n<title>La divisi\u00f3n judicial de la herencia - De Avila Abogados Blog<\/title>\n<meta name=\"robots\" content=\"index, follow, max-snippet:-1, max-image-preview:large, max-video-preview:-1\" \/>\n<link rel=\"canonical\" href=\"https:\/\/deavilaabogados.com\/blog\/2022\/05\/30\/la-division-judicial-de-la-herencia\/\" \/>\n<meta property=\"og:locale\" content=\"es_ES\" \/>\n<meta property=\"og:type\" content=\"article\" \/>\n<meta property=\"og:title\" content=\"La divisi\u00f3n judicial de la herencia - De Avila Abogados Blog\" \/>\n<meta property=\"og:description\" content=\"1. Introducci\u00f3n 2. Demanda de divisi\u00f3n judicial de la herencia 3. Formaci\u00f3n de inventario 4. Nombramiento de contador-partidor 5. Conclusiones 1. Introducci\u00f3n Uno de los problemas m\u00e1s frecuentes cuando fallece una persona, es que los herederos no se ponen de acuerdo sobre su herencia y no quieren ir a la notaria a arreglar la documentaci\u00f3n [&hellip;]\" \/>\n<meta property=\"og:url\" content=\"https:\/\/deavilaabogados.com\/blog\/2022\/05\/30\/la-division-judicial-de-la-herencia\/\" \/>\n<meta property=\"og:site_name\" content=\"De Avila Abogados Blog\" \/>\n<meta property=\"article:publisher\" content=\"https:\/\/www.facebook.com\/bufetedeavila\" \/>\n<meta property=\"article:published_time\" content=\"2022-05-30T14:42:33+00:00\" \/>\n<meta property=\"article:modified_time\" content=\"2022-05-30T15:06:37+00:00\" \/>\n<meta property=\"og:image\" content=\"https:\/\/deavilaabogados.com\/blog\/wp-content\/uploads\/2022\/05\/herencia-verde.jpg\" \/>\n\t<meta property=\"og:image:width\" content=\"1200\" \/>\n\t<meta property=\"og:image:height\" content=\"800\" \/>\n\t<meta property=\"og:image:type\" content=\"image\/jpeg\" \/>\n<meta name=\"author\" content=\"Patricia Cebolla De \u00c1vila\" \/>\n<meta name=\"twitter:card\" content=\"summary_large_image\" \/>\n<meta name=\"twitter:creator\" content=\"@Bufete_DeAvila\" \/>\n<meta name=\"twitter:site\" content=\"@Bufete_DeAvila\" \/>\n<meta name=\"twitter:label1\" content=\"Escrito por\" \/>\n\t<meta name=\"twitter:data1\" content=\"Patricia Cebolla De \u00c1vila\" \/>\n\t<meta name=\"twitter:label2\" content=\"Tiempo de lectura\" \/>\n\t<meta name=\"twitter:data2\" content=\"2 minutos\" \/>\n<script type=\"application\/ld+json\" class=\"yoast-schema-graph\">{\"@context\":\"https:\/\/schema.org\",\"@graph\":[{\"@type\":\"Article\",\"@id\":\"https:\/\/deavilaabogados.com\/blog\/2022\/05\/30\/la-division-judicial-de-la-herencia\/#article\",\"isPartOf\":{\"@id\":\"https:\/\/deavilaabogados.com\/blog\/2022\/05\/30\/la-division-judicial-de-la-herencia\/\"},\"author\":{\"name\":\"Patricia Cebolla De \u00c1vila\",\"@id\":\"https:\/\/deavilaabogados.com\/blog\/#\/schema\/person\/653920f6b3a8583f0b82394cf1c793ce\"},\"headline\":\"La divisi\u00f3n judicial de la herencia\",\"datePublished\":\"2022-05-30T14:42:33+00:00\",\"dateModified\":\"2022-05-30T15:06:37+00:00\",\"mainEntityOfPage\":{\"@id\":\"https:\/\/deavilaabogados.com\/blog\/2022\/05\/30\/la-division-judicial-de-la-herencia\/\"},\"wordCount\":409,\"commentCount\":0,\"publisher\":{\"@id\":\"https:\/\/deavilaabogados.com\/blog\/#organization\"},\"articleSection\":[\"Art\u00edculos Jur\u00eddicos\",\"Jur\u00eddico\"],\"inLanguage\":\"es\",\"potentialAction\":[{\"@type\":\"CommentAction\",\"name\":\"Comment\",\"target\":[\"https:\/\/deavilaabogados.com\/blog\/2022\/05\/30\/la-division-judicial-de-la-herencia\/#respond\"]}]},{\"@type\":\"WebPage\",\"@id\":\"https:\/\/deavilaabogados.com\/blog\/2022\/05\/30\/la-division-judicial-de-la-herencia\/\",\"url\":\"https:\/\/deavilaabogados.com\/blog\/2022\/05\/30\/la-division-judicial-de-la-herencia\/\",\"name\":\"La divisi\u00f3n judicial de la herencia - De Avila Abogados Blog\",\"isPartOf\":{\"@id\":\"https:\/\/deavilaabogados.com\/blog\/#website\"},\"datePublished\":\"2022-05-30T14:42:33+00:00\",\"dateModified\":\"2022-05-30T15:06:37+00:00\",\"breadcrumb\":{\"@id\":\"https:\/\/deavilaabogados.com\/blog\/2022\/05\/30\/la-division-judicial-de-la-herencia\/#breadcrumb\"},\"inLanguage\":\"es\",\"potentialAction\":[{\"@type\":\"ReadAction\",\"target\":[\"https:\/\/deavilaabogados.com\/blog\/2022\/05\/30\/la-division-judicial-de-la-herencia\/\"]}]},{\"@type\":\"BreadcrumbList\",\"@id\":\"https:\/\/deavilaabogados.com\/blog\/2022\/05\/30\/la-division-judicial-de-la-herencia\/#breadcrumb\",\"itemListElement\":[{\"@type\":\"ListItem\",\"position\":1,\"name\":\"Portada\",\"item\":\"https:\/\/deavilaabogados.com\/blog\/\"},{\"@type\":\"ListItem\",\"position\":2,\"name\":\"La divisi\u00f3n judicial de la herencia\"}]},{\"@type\":\"WebSite\",\"@id\":\"https:\/\/deavilaabogados.com\/blog\/#website\",\"url\":\"https:\/\/deavilaabogados.com\/blog\/\",\"name\":\"De \u00c1vila Abogados Blog\",\"description\":\"Abogados especialistas en propiedad\",\"publisher\":{\"@id\":\"https:\/\/deavilaabogados.com\/blog\/#organization\"},\"potentialAction\":[{\"@type\":\"SearchAction\",\"target\":{\"@type\":\"EntryPoint\",\"urlTemplate\":\"https:\/\/deavilaabogados.com\/blog\/?s={search_term_string}\"},\"query-input\":\"required name=search_term_string\"}],\"inLanguage\":\"es\"},{\"@type\":\"Organization\",\"@id\":\"https:\/\/deavilaabogados.com\/blog\/#organization\",\"name\":\"De \u00c1vila Abogados Blog\",\"url\":\"https:\/\/deavilaabogados.com\/blog\/\",\"logo\":{\"@type\":\"ImageObject\",\"inLanguage\":\"es\",\"@id\":\"https:\/\/deavilaabogados.com\/blog\/#\/schema\/logo\/image\/\",\"url\":\"https:\/\/deavilaabogados.com\/blog\/wp-content\/uploads\/2022\/03\/logo-transparente.png\",\"contentUrl\":\"https:\/\/deavilaabogados.com\/blog\/wp-content\/uploads\/2022\/03\/logo-transparente.png\",\"width\":1000,\"height\":351,\"caption\":\"De \u00c1vila Abogados Blog\"},\"image\":{\"@id\":\"https:\/\/deavilaabogados.com\/blog\/#\/schema\/logo\/image\/\"},\"sameAs\":[\"https:\/\/www.facebook.com\/bufetedeavila\",\"https:\/\/twitter.com\/Bufete_DeAvila\"]},{\"@type\":\"Person\",\"@id\":\"https:\/\/deavilaabogados.com\/blog\/#\/schema\/person\/653920f6b3a8583f0b82394cf1c793ce\",\"name\":\"Patricia Cebolla De \u00c1vila\",\"image\":{\"@type\":\"ImageObject\",\"inLanguage\":\"es\",\"@id\":\"https:\/\/deavilaabogados.com\/blog\/#\/schema\/person\/image\/\",\"url\":\"https:\/\/secure.gravatar.com\/avatar\/98713b7f45cf48f108e24cfc454f7df357ab6ab98841ba100340638c5081c9cc?s=96&d=mm&r=g\",\"contentUrl\":\"https:\/\/secure.gravatar.com\/avatar\/98713b7f45cf48f108e24cfc454f7df357ab6ab98841ba100340638c5081c9cc?s=96&d=mm&r=g\",\"caption\":\"Patricia Cebolla De \u00c1vila\"},\"sameAs\":[\"https:\/\/deavilaabogados.com\/blog\"],\"url\":\"https:\/\/deavilaabogados.com\/blog\/author\/javierdeavila\/\"}]}<\/script>\n<!-- \/ Yoast SEO plugin. -->","yoast_head_json":{"title":"La divisi\u00f3n judicial de la herencia - De Avila Abogados Blog","robots":{"index":"index","follow":"follow","max-snippet":"max-snippet:-1","max-image-preview":"max-image-preview:large","max-video-preview":"max-video-preview:-1"},"canonical":"https:\/\/deavilaabogados.com\/blog\/2022\/05\/30\/la-division-judicial-de-la-herencia\/","og_locale":"es_ES","og_type":"article","og_title":"La divisi\u00f3n judicial de la herencia - De Avila Abogados Blog","og_description":"1. Introducci\u00f3n 2. Demanda de divisi\u00f3n judicial de la herencia 3. Formaci\u00f3n de inventario 4. Nombramiento de contador-partidor 5. Conclusiones 1. Introducci\u00f3n Uno de los problemas m\u00e1s frecuentes cuando fallece una persona, es que los herederos no se ponen de acuerdo sobre su herencia y no quieren ir a la notaria a arreglar la documentaci\u00f3n [&hellip;]","og_url":"https:\/\/deavilaabogados.com\/blog\/2022\/05\/30\/la-division-judicial-de-la-herencia\/","og_site_name":"De Avila Abogados Blog","article_publisher":"https:\/\/www.facebook.com\/bufetedeavila","article_published_time":"2022-05-30T14:42:33+00:00","article_modified_time":"2022-05-30T15:06:37+00:00","og_image":[{"width":1200,"height":800,"url":"https:\/\/deavilaabogados.com\/blog\/wp-content\/uploads\/2022\/05\/herencia-verde.jpg","type":"image\/jpeg"}],"author":"Patricia Cebolla De \u00c1vila","twitter_card":"summary_large_image","twitter_creator":"@Bufete_DeAvila","twitter_site":"@Bufete_DeAvila","twitter_misc":{"Escrito por":"Patricia Cebolla De \u00c1vila","Tiempo de lectura":"2 minutos"},"schema":{"@context":"https:\/\/schema.org","@graph":[{"@type":"Article","@id":"https:\/\/deavilaabogados.com\/blog\/2022\/05\/30\/la-division-judicial-de-la-herencia\/#article","isPartOf":{"@id":"https:\/\/deavilaabogados.com\/blog\/2022\/05\/30\/la-division-judicial-de-la-herencia\/"},"author":{"name":"Patricia Cebolla De \u00c1vila","@id":"https:\/\/deavilaabogados.com\/blog\/#\/schema\/person\/653920f6b3a8583f0b82394cf1c793ce"},"headline":"La divisi\u00f3n judicial de la herencia","datePublished":"2022-05-30T14:42:33+00:00","dateModified":"2022-05-30T15:06:37+00:00","mainEntityOfPage":{"@id":"https:\/\/deavilaabogados.com\/blog\/2022\/05\/30\/la-division-judicial-de-la-herencia\/"},"wordCount":409,"commentCount":0,"publisher":{"@id":"https:\/\/deavilaabogados.com\/blog\/#organization"},"articleSection":["Art\u00edculos Jur\u00eddicos","Jur\u00eddico"],"inLanguage":"es","potentialAction":[{"@type":"CommentAction","name":"Comment","target":["https:\/\/deavilaabogados.com\/blog\/2022\/05\/30\/la-division-judicial-de-la-herencia\/#respond"]}]},{"@type":"WebPage","@id":"https:\/\/deavilaabogados.com\/blog\/2022\/05\/30\/la-division-judicial-de-la-herencia\/","url":"https:\/\/deavilaabogados.com\/blog\/2022\/05\/30\/la-division-judicial-de-la-herencia\/","name":"La divisi\u00f3n judicial de la herencia - De Avila Abogados Blog","isPartOf":{"@id":"https:\/\/deavilaabogados.com\/blog\/#website"},"datePublished":"2022-05-30T14:42:33+00:00","dateModified":"2022-05-30T15:06:37+00:00","breadcrumb":{"@id":"https:\/\/deavilaabogados.com\/blog\/2022\/05\/30\/la-division-judicial-de-la-herencia\/#breadcrumb"},"inLanguage":"es","potentialAction":[{"@type":"ReadAction","target":["https:\/\/deavilaabogados.com\/blog\/2022\/05\/30\/la-division-judicial-de-la-herencia\/"]}]},{"@type":"BreadcrumbList","@id":"https:\/\/deavilaabogados.com\/blog\/2022\/05\/30\/la-division-judicial-de-la-herencia\/#breadcrumb","itemListElement":[{"@type":"ListItem","position":1,"name":"Portada","item":"https:\/\/deavilaabogados.com\/blog\/"},{"@type":"ListItem","position":2,"name":"La divisi\u00f3n judicial de la herencia"}]},{"@type":"WebSite","@id":"https:\/\/deavilaabogados.com\/blog\/#website","url":"https:\/\/deavilaabogados.com\/blog\/","name":"De \u00c1vila Abogados Blog","description":"Abogados especialistas en propiedad","publisher":{"@id":"https:\/\/deavilaabogados.com\/blog\/#organization"},"potentialAction":[{"@type":"SearchAction","target":{"@type":"EntryPoint","urlTemplate":"https:\/\/deavilaabogados.com\/blog\/?s={search_term_string}"},"query-input":"required name=search_term_string"}],"inLanguage":"es"},{"@type":"Organization","@id":"https:\/\/deavilaabogados.com\/blog\/#organization","name":"De \u00c1vila Abogados Blog","url":"https:\/\/deavilaabogados.com\/blog\/","logo":{"@type":"ImageObject","inLanguage":"es","@id":"https:\/\/deavilaabogados.com\/blog\/#\/schema\/logo\/image\/","url":"https:\/\/deavilaabogados.com\/blog\/wp-content\/uploads\/2022\/03\/logo-transparente.png","contentUrl":"https:\/\/deavilaabogados.com\/blog\/wp-content\/uploads\/2022\/03\/logo-transparente.png","width":1000,"height":351,"caption":"De \u00c1vila Abogados Blog"},"image":{"@id":"https:\/\/deavilaabogados.com\/blog\/#\/schema\/logo\/image\/"},"sameAs":["https:\/\/www.facebook.com\/bufetedeavila","https:\/\/twitter.com\/Bufete_DeAvila"]},{"@type":"Person","@id":"https:\/\/deavilaabogados.com\/blog\/#\/schema\/person\/653920f6b3a8583f0b82394cf1c793ce","name":"Patricia Cebolla De \u00c1vila","image":{"@type":"ImageObject","inLanguage":"es","@id":"https:\/\/deavilaabogados.com\/blog\/#\/schema\/person\/image\/","url":"https:\/\/secure.gravatar.com\/avatar\/98713b7f45cf48f108e24cfc454f7df357ab6ab98841ba100340638c5081c9cc?s=96&d=mm&r=g","contentUrl":"https:\/\/secure.gravatar.com\/avatar\/98713b7f45cf48f108e24cfc454f7df357ab6ab98841ba100340638c5081c9cc?s=96&d=mm&r=g","caption":"Patricia Cebolla De \u00c1vila"},"sameAs":["https:\/\/deavilaabogados.com\/blog"],"url":"https:\/\/deavilaabogados.com\/blog\/author\/javierdeavila\/"}]}},"_links":{"self":[{"href":"https:\/\/deavilaabogados.com\/blog\/wp-json\/wp\/v2\/posts\/6086","targetHints":{"allow":["GET"]}}],"collection":[{"href":"https:\/\/deavilaabogados.com\/blog\/wp-json\/wp\/v2\/posts"}],"about":[{"href":"https:\/\/deavilaabogados.com\/blog\/wp-json\/wp\/v2\/types\/post"}],"author":[{"embeddable":true,"href":"https:\/\/deavilaabogados.com\/blog\/wp-json\/wp\/v2\/users\/1"}],"replies":[{"embeddable":true,"href":"https:\/\/deavilaabogados.com\/blog\/wp-json\/wp\/v2\/comments?post=6086"}],"version-history":[{"count":5,"href":"https:\/\/deavilaabogados.com\/blog\/wp-json\/wp\/v2\/posts\/6086\/revisions"}],"predecessor-version":[{"id":6092,"href":"https:\/\/deavilaabogados.com\/blog\/wp-json\/wp\/v2\/posts\/6086\/revisions\/6092"}],"wp:featuredmedia":[{"embeddable":true,"href":"https:\/\/deavilaabogados.com\/blog\/wp-json\/wp\/v2\/media\/6091"}],"wp:attachment":[{"href":"https:\/\/deavilaabogados.com\/blog\/wp-json\/wp\/v2\/media?parent=6086"}],"wp:term":[{"taxonomy":"category","embeddable":true,"href":"https:\/\/deavilaabogados.com\/blog\/wp-json\/wp\/v2\/categories?post=6086"},{"taxonomy":"post_tag","embeddable":true,"href":"https:\/\/deavilaabogados.com\/blog\/wp-json\/wp\/v2\/tags?post=6086"}],"curies":[{"name":"wp","href":"https:\/\/api.w.org\/{rel}","templated":true}]}}