{"id":6077,"date":"2022-05-10T11:28:30","date_gmt":"2022-05-10T16:28:30","guid":{"rendered":"https:\/\/deavilaabogados.com\/blog\/?p=6077"},"modified":"2022-05-12T09:29:49","modified_gmt":"2022-05-12T14:29:49","slug":"el-orden-del-dia-en-las-juntas-de-propietarios%ef%bf%bc","status":"publish","type":"post","link":"https:\/\/deavilaabogados.com\/blog\/2022\/05\/10\/el-orden-del-dia-en-las-juntas-de-propietarios%ef%bf%bc\/","title":{"rendered":"El orden del d\u00eda en las Juntas de Propietarios\ufffc"},"content":{"rendered":"\t\t<div data-elementor-type=\"wp-post\" data-elementor-id=\"6077\" class=\"elementor elementor-6077\">\n\t\t\t\t\t\t\t\t\t<section class=\"elementor-section elementor-top-section elementor-element elementor-element-e1e4979 elementor-section-boxed elementor-section-height-default elementor-section-height-default qodef-elementor-content-no\" data-id=\"e1e4979\" data-element_type=\"section\">\n\t\t\t\t\t\t<div class=\"elementor-container elementor-column-gap-default\">\n\t\t\t\t\t<div class=\"elementor-column elementor-col-100 elementor-top-column elementor-element elementor-element-1f08abd\" data-id=\"1f08abd\" data-element_type=\"column\">\n\t\t\t<div class=\"elementor-widget-wrap elementor-element-populated\">\n\t\t\t\t\t\t\t\t<div class=\"elementor-element elementor-element-6fd4032 elementor-widget elementor-widget-text-editor\" data-id=\"6fd4032\" data-element_type=\"widget\" data-widget_type=\"text-editor.default\">\n\t\t\t\t<div class=\"elementor-widget-container\">\n\t\t\t<style>\/*! elementor - v3.11.5 - 14-03-2023 *\/\n.elementor-widget-text-editor.elementor-drop-cap-view-stacked .elementor-drop-cap{background-color:#818a91;color:#fff}.elementor-widget-text-editor.elementor-drop-cap-view-framed .elementor-drop-cap{color:#818a91;border:3px solid;background-color:transparent}.elementor-widget-text-editor:not(.elementor-drop-cap-view-default) .elementor-drop-cap{margin-top:8px}.elementor-widget-text-editor:not(.elementor-drop-cap-view-default) .elementor-drop-cap-letter{width:1em;height:1em}.elementor-widget-text-editor .elementor-drop-cap{float:left;text-align:center;line-height:1;font-size:50px}.elementor-widget-text-editor .elementor-drop-cap-letter{display:inline-block}<\/style>\t\t\t\t<p>Gran parte de los acuerdos de las Comunidades de propietarios, que se impugnan en los juzgados, es por haberse tomado la decisi\u00f3n sin estar incluida, su deliberaci\u00f3n y acuerdo, en el orden del d\u00eda de la Junta.<br \/>Por ejemplo, si incluimos en el orden del d\u00eda de la Junta de Propietarios, \u201cRenovaci\u00f3n de cargos\u201d, no podremos aprobar ni el cambio de sistema de elecci\u00f3n de los cargos ni autorizar al administrador a realizar gestiones en la cuenta bancaria de la comunidad, solo podremos renovar los cargos. Para que esto se pudiera hacer el orden del d\u00eda deber\u00eda ser:<br \/>\u201cRenovaci\u00f3n de cargos. Autorizaci\u00f3n al administrador para operar en la cuenta bancaria de la comunidad. Cambio de sistema de elecci\u00f3n de cargos de la Comunidad\u201d.<br \/>Tampoco se pueden tomar acuerdos en el punto de ruegos y preguntas, como su propio nombre indica, solo se es para sugerencias, preguntas o propuestas de futuras reuniones, pero nunca tomar acuerdos.<br \/>Todo acuerdo tomado, sin estar en el orden del d\u00eda, es nulo de pleno de derecho e impugnable en los juzgados.<\/p><p>\u00a0<\/p>\t\t\t\t\t\t<\/div>\n\t\t\t\t<\/div>\n\t\t\t\t\t<\/div>\n\t\t<\/div>\n\t\t\t\t\t\t\t<\/div>\n\t\t<\/section>\n\t\t\t\t\t\t\t<\/div>\n\t\t","protected":false},"excerpt":{"rendered":"<p>Gran parte de los acuerdos de las Comunidades de propietarios, que se impugnan en los juzgados, es por haberse tomado la decisi\u00f3n sin estar incluida, su deliberaci\u00f3n y acuerdo, en el orden del d\u00eda de la Junta. Por ejemplo, si incluimos en el orden del d\u00eda de la Junta de Propietarios, \u201cRenovaci\u00f3n de cargos\u201d, no [&hellip;]<\/p>\n","protected":false},"author":1,"featured_media":6082,"comment_status":"open","ping_status":"open","sticky":false,"template":"","format":"standard","meta":{"footnotes":""},"categories":[116],"tags":[],"class_list":["post-6077","post","type-post","status-publish","format-standard","has-post-thumbnail","hentry","category-consejos"],"yoast_head":"<!-- This site is optimized with the Yoast SEO plugin v20.5 - https:\/\/yoast.com\/wordpress\/plugins\/seo\/ -->\n<title>El orden del d\u00eda en las Juntas de Propietarios\ufffc - De Avila Abogados Blog<\/title>\n<meta name=\"robots\" content=\"index, follow, max-snippet:-1, max-image-preview:large, max-video-preview:-1\" \/>\n<link rel=\"canonical\" href=\"https:\/\/deavilaabogados.com\/blog\/2022\/05\/10\/el-orden-del-dia-en-las-juntas-de-propietarios\ufffc\/\" \/>\n<meta property=\"og:locale\" content=\"es_ES\" \/>\n<meta property=\"og:type\" content=\"article\" \/>\n<meta property=\"og:title\" content=\"El orden del d\u00eda en las Juntas de Propietarios\ufffc - De Avila Abogados Blog\" \/>\n<meta property=\"og:description\" content=\"Gran parte de los acuerdos de las Comunidades de propietarios, que se impugnan en los juzgados, es por haberse tomado la decisi\u00f3n sin estar incluida, su deliberaci\u00f3n y acuerdo, en el orden del d\u00eda de la Junta. Por ejemplo, si incluimos en el orden del d\u00eda de la Junta de Propietarios, \u201cRenovaci\u00f3n de cargos\u201d, no [&hellip;]\" \/>\n<meta property=\"og:url\" content=\"https:\/\/deavilaabogados.com\/blog\/2022\/05\/10\/el-orden-del-dia-en-las-juntas-de-propietarios\ufffc\/\" \/>\n<meta property=\"og:site_name\" content=\"De Avila Abogados Blog\" \/>\n<meta property=\"article:publisher\" content=\"https:\/\/www.facebook.com\/bufetedeavila\" \/>\n<meta property=\"article:published_time\" content=\"2022-05-10T16:28:30+00:00\" \/>\n<meta property=\"article:modified_time\" content=\"2022-05-12T14:29:49+00:00\" \/>\n<meta property=\"og:image\" content=\"https:\/\/deavilaabogados.com\/blog\/wp-content\/uploads\/2022\/05\/gente-contenta.jpg\" \/>\n\t<meta property=\"og:image:width\" content=\"1200\" \/>\n\t<meta property=\"og:image:height\" content=\"800\" \/>\n\t<meta property=\"og:image:type\" content=\"image\/jpeg\" \/>\n<meta name=\"author\" content=\"Patricia Cebolla De \u00c1vila\" \/>\n<meta name=\"twitter:card\" content=\"summary_large_image\" \/>\n<meta name=\"twitter:creator\" content=\"@Bufete_DeAvila\" \/>\n<meta name=\"twitter:site\" content=\"@Bufete_DeAvila\" \/>\n<meta name=\"twitter:label1\" content=\"Escrito por\" \/>\n\t<meta name=\"twitter:data1\" content=\"Patricia Cebolla De \u00c1vila\" \/>\n\t<meta name=\"twitter:label2\" content=\"Tiempo de lectura\" \/>\n\t<meta name=\"twitter:data2\" content=\"1 minuto\" \/>\n<script type=\"application\/ld+json\" class=\"yoast-schema-graph\">{\"@context\":\"https:\/\/schema.org\",\"@graph\":[{\"@type\":\"Article\",\"@id\":\"https:\/\/deavilaabogados.com\/blog\/2022\/05\/10\/el-orden-del-dia-en-las-juntas-de-propietarios%ef%bf%bc\/#article\",\"isPartOf\":{\"@id\":\"https:\/\/deavilaabogados.com\/blog\/2022\/05\/10\/el-orden-del-dia-en-las-juntas-de-propietarios%ef%bf%bc\/\"},\"author\":{\"name\":\"Patricia Cebolla De \u00c1vila\",\"@id\":\"https:\/\/deavilaabogados.com\/blog\/#\/schema\/person\/653920f6b3a8583f0b82394cf1c793ce\"},\"headline\":\"El orden del d\u00eda en las Juntas de Propietarios\ufffc\",\"datePublished\":\"2022-05-10T16:28:30+00:00\",\"dateModified\":\"2022-05-12T14:29:49+00:00\",\"mainEntityOfPage\":{\"@id\":\"https:\/\/deavilaabogados.com\/blog\/2022\/05\/10\/el-orden-del-dia-en-las-juntas-de-propietarios%ef%bf%bc\/\"},\"wordCount\":198,\"commentCount\":0,\"publisher\":{\"@id\":\"https:\/\/deavilaabogados.com\/blog\/#organization\"},\"articleSection\":[\"Consejos\"],\"inLanguage\":\"es\",\"potentialAction\":[{\"@type\":\"CommentAction\",\"name\":\"Comment\",\"target\":[\"https:\/\/deavilaabogados.com\/blog\/2022\/05\/10\/el-orden-del-dia-en-las-juntas-de-propietarios%ef%bf%bc\/#respond\"]}]},{\"@type\":\"WebPage\",\"@id\":\"https:\/\/deavilaabogados.com\/blog\/2022\/05\/10\/el-orden-del-dia-en-las-juntas-de-propietarios%ef%bf%bc\/\",\"url\":\"https:\/\/deavilaabogados.com\/blog\/2022\/05\/10\/el-orden-del-dia-en-las-juntas-de-propietarios%ef%bf%bc\/\",\"name\":\"El orden del d\u00eda en las Juntas de Propietarios\ufffc - De Avila Abogados Blog\",\"isPartOf\":{\"@id\":\"https:\/\/deavilaabogados.com\/blog\/#website\"},\"datePublished\":\"2022-05-10T16:28:30+00:00\",\"dateModified\":\"2022-05-12T14:29:49+00:00\",\"breadcrumb\":{\"@id\":\"https:\/\/deavilaabogados.com\/blog\/2022\/05\/10\/el-orden-del-dia-en-las-juntas-de-propietarios%ef%bf%bc\/#breadcrumb\"},\"inLanguage\":\"es\",\"potentialAction\":[{\"@type\":\"ReadAction\",\"target\":[\"https:\/\/deavilaabogados.com\/blog\/2022\/05\/10\/el-orden-del-dia-en-las-juntas-de-propietarios%ef%bf%bc\/\"]}]},{\"@type\":\"BreadcrumbList\",\"@id\":\"https:\/\/deavilaabogados.com\/blog\/2022\/05\/10\/el-orden-del-dia-en-las-juntas-de-propietarios%ef%bf%bc\/#breadcrumb\",\"itemListElement\":[{\"@type\":\"ListItem\",\"position\":1,\"name\":\"Portada\",\"item\":\"https:\/\/deavilaabogados.com\/blog\/\"},{\"@type\":\"ListItem\",\"position\":2,\"name\":\"El orden del d\u00eda en las Juntas de Propietarios\ufffc\"}]},{\"@type\":\"WebSite\",\"@id\":\"https:\/\/deavilaabogados.com\/blog\/#website\",\"url\":\"https:\/\/deavilaabogados.com\/blog\/\",\"name\":\"De \u00c1vila Abogados Blog\",\"description\":\"Abogados especialistas en propiedad\",\"publisher\":{\"@id\":\"https:\/\/deavilaabogados.com\/blog\/#organization\"},\"potentialAction\":[{\"@type\":\"SearchAction\",\"target\":{\"@type\":\"EntryPoint\",\"urlTemplate\":\"https:\/\/deavilaabogados.com\/blog\/?s={search_term_string}\"},\"query-input\":\"required name=search_term_string\"}],\"inLanguage\":\"es\"},{\"@type\":\"Organization\",\"@id\":\"https:\/\/deavilaabogados.com\/blog\/#organization\",\"name\":\"De \u00c1vila Abogados Blog\",\"url\":\"https:\/\/deavilaabogados.com\/blog\/\",\"logo\":{\"@type\":\"ImageObject\",\"inLanguage\":\"es\",\"@id\":\"https:\/\/deavilaabogados.com\/blog\/#\/schema\/logo\/image\/\",\"url\":\"https:\/\/deavilaabogados.com\/blog\/wp-content\/uploads\/2022\/03\/logo-transparente.png\",\"contentUrl\":\"https:\/\/deavilaabogados.com\/blog\/wp-content\/uploads\/2022\/03\/logo-transparente.png\",\"width\":1000,\"height\":351,\"caption\":\"De \u00c1vila Abogados Blog\"},\"image\":{\"@id\":\"https:\/\/deavilaabogados.com\/blog\/#\/schema\/logo\/image\/\"},\"sameAs\":[\"https:\/\/www.facebook.com\/bufetedeavila\",\"https:\/\/twitter.com\/Bufete_DeAvila\"]},{\"@type\":\"Person\",\"@id\":\"https:\/\/deavilaabogados.com\/blog\/#\/schema\/person\/653920f6b3a8583f0b82394cf1c793ce\",\"name\":\"Patricia Cebolla De \u00c1vila\",\"image\":{\"@type\":\"ImageObject\",\"inLanguage\":\"es\",\"@id\":\"https:\/\/deavilaabogados.com\/blog\/#\/schema\/person\/image\/\",\"url\":\"https:\/\/secure.gravatar.com\/avatar\/98713b7f45cf48f108e24cfc454f7df357ab6ab98841ba100340638c5081c9cc?s=96&d=mm&r=g\",\"contentUrl\":\"https:\/\/secure.gravatar.com\/avatar\/98713b7f45cf48f108e24cfc454f7df357ab6ab98841ba100340638c5081c9cc?s=96&d=mm&r=g\",\"caption\":\"Patricia Cebolla De \u00c1vila\"},\"sameAs\":[\"https:\/\/deavilaabogados.com\/blog\"],\"url\":\"https:\/\/deavilaabogados.com\/blog\/author\/javierdeavila\/\"}]}<\/script>\n<!-- \/ Yoast SEO plugin. -->","yoast_head_json":{"title":"El orden del d\u00eda en las Juntas de Propietarios\ufffc - De Avila Abogados Blog","robots":{"index":"index","follow":"follow","max-snippet":"max-snippet:-1","max-image-preview":"max-image-preview:large","max-video-preview":"max-video-preview:-1"},"canonical":"https:\/\/deavilaabogados.com\/blog\/2022\/05\/10\/el-orden-del-dia-en-las-juntas-de-propietarios\ufffc\/","og_locale":"es_ES","og_type":"article","og_title":"El orden del d\u00eda en las Juntas de Propietarios\ufffc - De Avila Abogados Blog","og_description":"Gran parte de los acuerdos de las Comunidades de propietarios, que se impugnan en los juzgados, es por haberse tomado la decisi\u00f3n sin estar incluida, su deliberaci\u00f3n y acuerdo, en el orden del d\u00eda de la Junta. Por ejemplo, si incluimos en el orden del d\u00eda de la Junta de Propietarios, \u201cRenovaci\u00f3n de cargos\u201d, no [&hellip;]","og_url":"https:\/\/deavilaabogados.com\/blog\/2022\/05\/10\/el-orden-del-dia-en-las-juntas-de-propietarios\ufffc\/","og_site_name":"De Avila Abogados Blog","article_publisher":"https:\/\/www.facebook.com\/bufetedeavila","article_published_time":"2022-05-10T16:28:30+00:00","article_modified_time":"2022-05-12T14:29:49+00:00","og_image":[{"width":1200,"height":800,"url":"https:\/\/deavilaabogados.com\/blog\/wp-content\/uploads\/2022\/05\/gente-contenta.jpg","type":"image\/jpeg"}],"author":"Patricia Cebolla De \u00c1vila","twitter_card":"summary_large_image","twitter_creator":"@Bufete_DeAvila","twitter_site":"@Bufete_DeAvila","twitter_misc":{"Escrito por":"Patricia Cebolla De \u00c1vila","Tiempo de lectura":"1 minuto"},"schema":{"@context":"https:\/\/schema.org","@graph":[{"@type":"Article","@id":"https:\/\/deavilaabogados.com\/blog\/2022\/05\/10\/el-orden-del-dia-en-las-juntas-de-propietarios%ef%bf%bc\/#article","isPartOf":{"@id":"https:\/\/deavilaabogados.com\/blog\/2022\/05\/10\/el-orden-del-dia-en-las-juntas-de-propietarios%ef%bf%bc\/"},"author":{"name":"Patricia Cebolla De \u00c1vila","@id":"https:\/\/deavilaabogados.com\/blog\/#\/schema\/person\/653920f6b3a8583f0b82394cf1c793ce"},"headline":"El orden del d\u00eda en las Juntas de Propietarios\ufffc","datePublished":"2022-05-10T16:28:30+00:00","dateModified":"2022-05-12T14:29:49+00:00","mainEntityOfPage":{"@id":"https:\/\/deavilaabogados.com\/blog\/2022\/05\/10\/el-orden-del-dia-en-las-juntas-de-propietarios%ef%bf%bc\/"},"wordCount":198,"commentCount":0,"publisher":{"@id":"https:\/\/deavilaabogados.com\/blog\/#organization"},"articleSection":["Consejos"],"inLanguage":"es","potentialAction":[{"@type":"CommentAction","name":"Comment","target":["https:\/\/deavilaabogados.com\/blog\/2022\/05\/10\/el-orden-del-dia-en-las-juntas-de-propietarios%ef%bf%bc\/#respond"]}]},{"@type":"WebPage","@id":"https:\/\/deavilaabogados.com\/blog\/2022\/05\/10\/el-orden-del-dia-en-las-juntas-de-propietarios%ef%bf%bc\/","url":"https:\/\/deavilaabogados.com\/blog\/2022\/05\/10\/el-orden-del-dia-en-las-juntas-de-propietarios%ef%bf%bc\/","name":"El orden del d\u00eda en las Juntas de Propietarios\ufffc - De Avila Abogados Blog","isPartOf":{"@id":"https:\/\/deavilaabogados.com\/blog\/#website"},"datePublished":"2022-05-10T16:28:30+00:00","dateModified":"2022-05-12T14:29:49+00:00","breadcrumb":{"@id":"https:\/\/deavilaabogados.com\/blog\/2022\/05\/10\/el-orden-del-dia-en-las-juntas-de-propietarios%ef%bf%bc\/#breadcrumb"},"inLanguage":"es","potentialAction":[{"@type":"ReadAction","target":["https:\/\/deavilaabogados.com\/blog\/2022\/05\/10\/el-orden-del-dia-en-las-juntas-de-propietarios%ef%bf%bc\/"]}]},{"@type":"BreadcrumbList","@id":"https:\/\/deavilaabogados.com\/blog\/2022\/05\/10\/el-orden-del-dia-en-las-juntas-de-propietarios%ef%bf%bc\/#breadcrumb","itemListElement":[{"@type":"ListItem","position":1,"name":"Portada","item":"https:\/\/deavilaabogados.com\/blog\/"},{"@type":"ListItem","position":2,"name":"El orden del d\u00eda en las Juntas de Propietarios\ufffc"}]},{"@type":"WebSite","@id":"https:\/\/deavilaabogados.com\/blog\/#website","url":"https:\/\/deavilaabogados.com\/blog\/","name":"De \u00c1vila Abogados Blog","description":"Abogados especialistas en propiedad","publisher":{"@id":"https:\/\/deavilaabogados.com\/blog\/#organization"},"potentialAction":[{"@type":"SearchAction","target":{"@type":"EntryPoint","urlTemplate":"https:\/\/deavilaabogados.com\/blog\/?s={search_term_string}"},"query-input":"required name=search_term_string"}],"inLanguage":"es"},{"@type":"Organization","@id":"https:\/\/deavilaabogados.com\/blog\/#organization","name":"De \u00c1vila Abogados Blog","url":"https:\/\/deavilaabogados.com\/blog\/","logo":{"@type":"ImageObject","inLanguage":"es","@id":"https:\/\/deavilaabogados.com\/blog\/#\/schema\/logo\/image\/","url":"https:\/\/deavilaabogados.com\/blog\/wp-content\/uploads\/2022\/03\/logo-transparente.png","contentUrl":"https:\/\/deavilaabogados.com\/blog\/wp-content\/uploads\/2022\/03\/logo-transparente.png","width":1000,"height":351,"caption":"De \u00c1vila Abogados Blog"},"image":{"@id":"https:\/\/deavilaabogados.com\/blog\/#\/schema\/logo\/image\/"},"sameAs":["https:\/\/www.facebook.com\/bufetedeavila","https:\/\/twitter.com\/Bufete_DeAvila"]},{"@type":"Person","@id":"https:\/\/deavilaabogados.com\/blog\/#\/schema\/person\/653920f6b3a8583f0b82394cf1c793ce","name":"Patricia Cebolla De \u00c1vila","image":{"@type":"ImageObject","inLanguage":"es","@id":"https:\/\/deavilaabogados.com\/blog\/#\/schema\/person\/image\/","url":"https:\/\/secure.gravatar.com\/avatar\/98713b7f45cf48f108e24cfc454f7df357ab6ab98841ba100340638c5081c9cc?s=96&d=mm&r=g","contentUrl":"https:\/\/secure.gravatar.com\/avatar\/98713b7f45cf48f108e24cfc454f7df357ab6ab98841ba100340638c5081c9cc?s=96&d=mm&r=g","caption":"Patricia Cebolla De \u00c1vila"},"sameAs":["https:\/\/deavilaabogados.com\/blog"],"url":"https:\/\/deavilaabogados.com\/blog\/author\/javierdeavila\/"}]}},"_links":{"self":[{"href":"https:\/\/deavilaabogados.com\/blog\/wp-json\/wp\/v2\/posts\/6077","targetHints":{"allow":["GET"]}}],"collection":[{"href":"https:\/\/deavilaabogados.com\/blog\/wp-json\/wp\/v2\/posts"}],"about":[{"href":"https:\/\/deavilaabogados.com\/blog\/wp-json\/wp\/v2\/types\/post"}],"author":[{"embeddable":true,"href":"https:\/\/deavilaabogados.com\/blog\/wp-json\/wp\/v2\/users\/1"}],"replies":[{"embeddable":true,"href":"https:\/\/deavilaabogados.com\/blog\/wp-json\/wp\/v2\/comments?post=6077"}],"version-history":[{"count":5,"href":"https:\/\/deavilaabogados.com\/blog\/wp-json\/wp\/v2\/posts\/6077\/revisions"}],"predecessor-version":[{"id":6084,"href":"https:\/\/deavilaabogados.com\/blog\/wp-json\/wp\/v2\/posts\/6077\/revisions\/6084"}],"wp:featuredmedia":[{"embeddable":true,"href":"https:\/\/deavilaabogados.com\/blog\/wp-json\/wp\/v2\/media\/6082"}],"wp:attachment":[{"href":"https:\/\/deavilaabogados.com\/blog\/wp-json\/wp\/v2\/media?parent=6077"}],"wp:term":[{"taxonomy":"category","embeddable":true,"href":"https:\/\/deavilaabogados.com\/blog\/wp-json\/wp\/v2\/categories?post=6077"},{"taxonomy":"post_tag","embeddable":true,"href":"https:\/\/deavilaabogados.com\/blog\/wp-json\/wp\/v2\/tags?post=6077"}],"curies":[{"name":"wp","href":"https:\/\/api.w.org\/{rel}","templated":true}]}}