{"id":6045,"date":"2022-03-21T03:37:17","date_gmt":"2022-03-21T08:37:17","guid":{"rendered":"https:\/\/deavilaabogados.com\/blog\/?p=6045"},"modified":"2022-03-21T03:37:19","modified_gmt":"2022-03-21T08:37:19","slug":"modelo-de-convocatoria-a-junta-general-ordinaria","status":"publish","type":"post","link":"https:\/\/deavilaabogados.com\/blog\/2022\/03\/21\/modelo-de-convocatoria-a-junta-general-ordinaria\/","title":{"rendered":"Modelo de convocatoria a Junta General Ordinaria"},"content":{"rendered":"\n<p>La Junta de propietarios es el \u00f3rgano de gobierno de la Comunidad de Propietarios compuesto por todos los propietarios titulares de los inmuebles, &nbsp;en ella se forma la voluntad de la comunidad mediante votaciones.<\/p>\n\n\n\n<p>Existen dos tipos: Las Juntas <strong>Ordinarias,<\/strong>&nbsp;son aquellas en las que se aprueban, como m\u00ednimo, &nbsp;las cuentas y presupuestos, &nbsp;con obligaci\u00f3n de que se celebre una al a\u00f1o y los propietarios tienen que recibirla 6 d\u00edas antes.<\/p>\n\n\n\n<p>En cuanto a las&nbsp;<strong>Juntas Extraordinarias<\/strong>, se pueden tratar todos los dem\u00e1s temas y se pueden celebrar de ninguna a todas las que sean necesarias. Tampoco necesitan un plazo m\u00ednimo de recepci\u00f3n.<\/p>\n\n\n\n<p>El modelo para ambos tipos de Junta es el mismo, solo hay que indicar el tipo de Junta y el orden del d\u00eda adecuado a cada tipo de Junta.<\/p>\n\n\n\n<p>La citaci\u00f3n debe contener d\u00eda y hora, los propietarios que no pueden votar por adeudar dinero a la comunidad, con las cantidades que deben, el orden del d\u00eda, y las horas de la primera y segunda convocatoria.<\/p>\n\n\n\n<div class=\"wp-block-file\"><a id=\"wp-block-file--media-2e2f6ee0-0c4a-4958-9b92-8e19407a4bb9\" href=\"https:\/\/deavilaabogados.com\/blog\/wp-content\/uploads\/2022\/03\/MODELO-CONVOCATORIA-JUNTA-ORDINARIA-COMUNIDAD-DE-PROPIETARIOS-1.pdf\">MODELO-CONVOCATORIA-JUNTA-ORDINARIA-COMUNIDAD-DE-PROPIETARIOS-1<\/a><a href=\"https:\/\/deavilaabogados.com\/blog\/wp-content\/uploads\/2022\/03\/MODELO-CONVOCATORIA-JUNTA-ORDINARIA-COMUNIDAD-DE-PROPIETARIOS-1.pdf\" class=\"wp-block-file__button\" download aria-describedby=\"wp-block-file--media-2e2f6ee0-0c4a-4958-9b92-8e19407a4bb9\">Descarga<\/a><\/div>\n","protected":false},"excerpt":{"rendered":"<p>La Junta de propietarios es el \u00f3rgano de gobierno de la Comunidad de Propietarios compuesto por todos los propietarios titulares de los inmuebles, &nbsp;en ella se forma la voluntad de la comunidad mediante votaciones. Existen dos tipos: Las Juntas Ordinarias,&nbsp;son aquellas en las que se aprueban, como m\u00ednimo, &nbsp;las cuentas y presupuestos, &nbsp;con obligaci\u00f3n de [&hellip;]<\/p>\n","protected":false},"author":1,"featured_media":6047,"comment_status":"open","ping_status":"open","sticky":false,"template":"","format":"standard","meta":{"footnotes":""},"categories":[112],"tags":[],"class_list":["post-6045","post","type-post","status-publish","format-standard","has-post-thumbnail","hentry","category-formularios"],"yoast_head":"<!-- This site is optimized with the Yoast SEO plugin v20.5 - https:\/\/yoast.com\/wordpress\/plugins\/seo\/ -->\n<title>Modelo de convocatoria a Junta General Ordinaria - De Avila Abogados Blog<\/title>\n<meta name=\"robots\" content=\"index, follow, max-snippet:-1, max-image-preview:large, max-video-preview:-1\" \/>\n<link rel=\"canonical\" href=\"https:\/\/deavilaabogados.com\/blog\/2022\/03\/21\/modelo-de-convocatoria-a-junta-general-ordinaria\/\" \/>\n<meta property=\"og:locale\" content=\"es_ES\" \/>\n<meta property=\"og:type\" content=\"article\" \/>\n<meta property=\"og:title\" content=\"Modelo de convocatoria a Junta General Ordinaria - De Avila Abogados Blog\" \/>\n<meta property=\"og:description\" content=\"La Junta de propietarios es el \u00f3rgano de gobierno de la Comunidad de Propietarios compuesto por todos los propietarios titulares de los inmuebles, &nbsp;en ella se forma la voluntad de la comunidad mediante votaciones. Existen dos tipos: Las Juntas Ordinarias,&nbsp;son aquellas en las que se aprueban, como m\u00ednimo, &nbsp;las cuentas y presupuestos, &nbsp;con obligaci\u00f3n de [&hellip;]\" \/>\n<meta property=\"og:url\" content=\"https:\/\/deavilaabogados.com\/blog\/2022\/03\/21\/modelo-de-convocatoria-a-junta-general-ordinaria\/\" \/>\n<meta property=\"og:site_name\" content=\"De Avila Abogados Blog\" \/>\n<meta property=\"article:publisher\" content=\"https:\/\/www.facebook.com\/bufetedeavila\" \/>\n<meta property=\"article:published_time\" content=\"2022-03-21T08:37:17+00:00\" \/>\n<meta property=\"article:modified_time\" content=\"2022-03-21T08:37:19+00:00\" \/>\n<meta property=\"og:image\" content=\"https:\/\/deavilaabogados.com\/blog\/wp-content\/uploads\/2022\/03\/junta-ordinaria-comunidad.jpg\" \/>\n\t<meta property=\"og:image:width\" content=\"1500\" \/>\n\t<meta property=\"og:image:height\" content=\"1000\" \/>\n\t<meta property=\"og:image:type\" content=\"image\/jpeg\" \/>\n<meta name=\"author\" content=\"Patricia Cebolla De \u00c1vila\" \/>\n<meta name=\"twitter:card\" content=\"summary_large_image\" \/>\n<meta name=\"twitter:creator\" content=\"@Bufete_DeAvila\" \/>\n<meta name=\"twitter:site\" content=\"@Bufete_DeAvila\" \/>\n<meta name=\"twitter:label1\" content=\"Escrito por\" \/>\n\t<meta name=\"twitter:data1\" content=\"Patricia Cebolla De \u00c1vila\" \/>\n\t<meta name=\"twitter:label2\" content=\"Tiempo de lectura\" \/>\n\t<meta name=\"twitter:data2\" content=\"1 minuto\" \/>\n<script type=\"application\/ld+json\" class=\"yoast-schema-graph\">{\"@context\":\"https:\/\/schema.org\",\"@graph\":[{\"@type\":\"Article\",\"@id\":\"https:\/\/deavilaabogados.com\/blog\/2022\/03\/21\/modelo-de-convocatoria-a-junta-general-ordinaria\/#article\",\"isPartOf\":{\"@id\":\"https:\/\/deavilaabogados.com\/blog\/2022\/03\/21\/modelo-de-convocatoria-a-junta-general-ordinaria\/\"},\"author\":{\"name\":\"Patricia Cebolla De \u00c1vila\",\"@id\":\"https:\/\/deavilaabogados.com\/blog\/#\/schema\/person\/653920f6b3a8583f0b82394cf1c793ce\"},\"headline\":\"Modelo de convocatoria a Junta General Ordinaria\",\"datePublished\":\"2022-03-21T08:37:17+00:00\",\"dateModified\":\"2022-03-21T08:37:19+00:00\",\"mainEntityOfPage\":{\"@id\":\"https:\/\/deavilaabogados.com\/blog\/2022\/03\/21\/modelo-de-convocatoria-a-junta-general-ordinaria\/\"},\"wordCount\":193,\"commentCount\":0,\"publisher\":{\"@id\":\"https:\/\/deavilaabogados.com\/blog\/#organization\"},\"articleSection\":[\"Formularios\"],\"inLanguage\":\"es\",\"potentialAction\":[{\"@type\":\"CommentAction\",\"name\":\"Comment\",\"target\":[\"https:\/\/deavilaabogados.com\/blog\/2022\/03\/21\/modelo-de-convocatoria-a-junta-general-ordinaria\/#respond\"]}]},{\"@type\":\"WebPage\",\"@id\":\"https:\/\/deavilaabogados.com\/blog\/2022\/03\/21\/modelo-de-convocatoria-a-junta-general-ordinaria\/\",\"url\":\"https:\/\/deavilaabogados.com\/blog\/2022\/03\/21\/modelo-de-convocatoria-a-junta-general-ordinaria\/\",\"name\":\"Modelo de convocatoria a Junta General Ordinaria - De Avila Abogados Blog\",\"isPartOf\":{\"@id\":\"https:\/\/deavilaabogados.com\/blog\/#website\"},\"datePublished\":\"2022-03-21T08:37:17+00:00\",\"dateModified\":\"2022-03-21T08:37:19+00:00\",\"breadcrumb\":{\"@id\":\"https:\/\/deavilaabogados.com\/blog\/2022\/03\/21\/modelo-de-convocatoria-a-junta-general-ordinaria\/#breadcrumb\"},\"inLanguage\":\"es\",\"potentialAction\":[{\"@type\":\"ReadAction\",\"target\":[\"https:\/\/deavilaabogados.com\/blog\/2022\/03\/21\/modelo-de-convocatoria-a-junta-general-ordinaria\/\"]}]},{\"@type\":\"BreadcrumbList\",\"@id\":\"https:\/\/deavilaabogados.com\/blog\/2022\/03\/21\/modelo-de-convocatoria-a-junta-general-ordinaria\/#breadcrumb\",\"itemListElement\":[{\"@type\":\"ListItem\",\"position\":1,\"name\":\"Portada\",\"item\":\"https:\/\/deavilaabogados.com\/blog\/\"},{\"@type\":\"ListItem\",\"position\":2,\"name\":\"Modelo de convocatoria a Junta General Ordinaria\"}]},{\"@type\":\"WebSite\",\"@id\":\"https:\/\/deavilaabogados.com\/blog\/#website\",\"url\":\"https:\/\/deavilaabogados.com\/blog\/\",\"name\":\"De \u00c1vila Abogados Blog\",\"description\":\"Abogados especialistas en propiedad\",\"publisher\":{\"@id\":\"https:\/\/deavilaabogados.com\/blog\/#organization\"},\"potentialAction\":[{\"@type\":\"SearchAction\",\"target\":{\"@type\":\"EntryPoint\",\"urlTemplate\":\"https:\/\/deavilaabogados.com\/blog\/?s={search_term_string}\"},\"query-input\":\"required name=search_term_string\"}],\"inLanguage\":\"es\"},{\"@type\":\"Organization\",\"@id\":\"https:\/\/deavilaabogados.com\/blog\/#organization\",\"name\":\"De \u00c1vila Abogados Blog\",\"url\":\"https:\/\/deavilaabogados.com\/blog\/\",\"logo\":{\"@type\":\"ImageObject\",\"inLanguage\":\"es\",\"@id\":\"https:\/\/deavilaabogados.com\/blog\/#\/schema\/logo\/image\/\",\"url\":\"https:\/\/deavilaabogados.com\/blog\/wp-content\/uploads\/2022\/03\/logo-transparente.png\",\"contentUrl\":\"https:\/\/deavilaabogados.com\/blog\/wp-content\/uploads\/2022\/03\/logo-transparente.png\",\"width\":1000,\"height\":351,\"caption\":\"De \u00c1vila Abogados Blog\"},\"image\":{\"@id\":\"https:\/\/deavilaabogados.com\/blog\/#\/schema\/logo\/image\/\"},\"sameAs\":[\"https:\/\/www.facebook.com\/bufetedeavila\",\"https:\/\/twitter.com\/Bufete_DeAvila\"]},{\"@type\":\"Person\",\"@id\":\"https:\/\/deavilaabogados.com\/blog\/#\/schema\/person\/653920f6b3a8583f0b82394cf1c793ce\",\"name\":\"Patricia Cebolla De \u00c1vila\",\"image\":{\"@type\":\"ImageObject\",\"inLanguage\":\"es\",\"@id\":\"https:\/\/deavilaabogados.com\/blog\/#\/schema\/person\/image\/\",\"url\":\"https:\/\/secure.gravatar.com\/avatar\/98713b7f45cf48f108e24cfc454f7df357ab6ab98841ba100340638c5081c9cc?s=96&d=mm&r=g\",\"contentUrl\":\"https:\/\/secure.gravatar.com\/avatar\/98713b7f45cf48f108e24cfc454f7df357ab6ab98841ba100340638c5081c9cc?s=96&d=mm&r=g\",\"caption\":\"Patricia Cebolla De \u00c1vila\"},\"sameAs\":[\"https:\/\/deavilaabogados.com\/blog\"],\"url\":\"https:\/\/deavilaabogados.com\/blog\/author\/javierdeavila\/\"}]}<\/script>\n<!-- \/ Yoast SEO plugin. -->","yoast_head_json":{"title":"Modelo de convocatoria a Junta General Ordinaria - De Avila Abogados Blog","robots":{"index":"index","follow":"follow","max-snippet":"max-snippet:-1","max-image-preview":"max-image-preview:large","max-video-preview":"max-video-preview:-1"},"canonical":"https:\/\/deavilaabogados.com\/blog\/2022\/03\/21\/modelo-de-convocatoria-a-junta-general-ordinaria\/","og_locale":"es_ES","og_type":"article","og_title":"Modelo de convocatoria a Junta General Ordinaria - De Avila Abogados Blog","og_description":"La Junta de propietarios es el \u00f3rgano de gobierno de la Comunidad de Propietarios compuesto por todos los propietarios titulares de los inmuebles, &nbsp;en ella se forma la voluntad de la comunidad mediante votaciones. Existen dos tipos: Las Juntas Ordinarias,&nbsp;son aquellas en las que se aprueban, como m\u00ednimo, &nbsp;las cuentas y presupuestos, &nbsp;con obligaci\u00f3n de [&hellip;]","og_url":"https:\/\/deavilaabogados.com\/blog\/2022\/03\/21\/modelo-de-convocatoria-a-junta-general-ordinaria\/","og_site_name":"De Avila Abogados Blog","article_publisher":"https:\/\/www.facebook.com\/bufetedeavila","article_published_time":"2022-03-21T08:37:17+00:00","article_modified_time":"2022-03-21T08:37:19+00:00","og_image":[{"width":1500,"height":1000,"url":"https:\/\/deavilaabogados.com\/blog\/wp-content\/uploads\/2022\/03\/junta-ordinaria-comunidad.jpg","type":"image\/jpeg"}],"author":"Patricia Cebolla De \u00c1vila","twitter_card":"summary_large_image","twitter_creator":"@Bufete_DeAvila","twitter_site":"@Bufete_DeAvila","twitter_misc":{"Escrito por":"Patricia Cebolla De \u00c1vila","Tiempo de lectura":"1 minuto"},"schema":{"@context":"https:\/\/schema.org","@graph":[{"@type":"Article","@id":"https:\/\/deavilaabogados.com\/blog\/2022\/03\/21\/modelo-de-convocatoria-a-junta-general-ordinaria\/#article","isPartOf":{"@id":"https:\/\/deavilaabogados.com\/blog\/2022\/03\/21\/modelo-de-convocatoria-a-junta-general-ordinaria\/"},"author":{"name":"Patricia Cebolla De \u00c1vila","@id":"https:\/\/deavilaabogados.com\/blog\/#\/schema\/person\/653920f6b3a8583f0b82394cf1c793ce"},"headline":"Modelo de convocatoria a Junta General Ordinaria","datePublished":"2022-03-21T08:37:17+00:00","dateModified":"2022-03-21T08:37:19+00:00","mainEntityOfPage":{"@id":"https:\/\/deavilaabogados.com\/blog\/2022\/03\/21\/modelo-de-convocatoria-a-junta-general-ordinaria\/"},"wordCount":193,"commentCount":0,"publisher":{"@id":"https:\/\/deavilaabogados.com\/blog\/#organization"},"articleSection":["Formularios"],"inLanguage":"es","potentialAction":[{"@type":"CommentAction","name":"Comment","target":["https:\/\/deavilaabogados.com\/blog\/2022\/03\/21\/modelo-de-convocatoria-a-junta-general-ordinaria\/#respond"]}]},{"@type":"WebPage","@id":"https:\/\/deavilaabogados.com\/blog\/2022\/03\/21\/modelo-de-convocatoria-a-junta-general-ordinaria\/","url":"https:\/\/deavilaabogados.com\/blog\/2022\/03\/21\/modelo-de-convocatoria-a-junta-general-ordinaria\/","name":"Modelo de convocatoria a Junta General Ordinaria - De Avila Abogados Blog","isPartOf":{"@id":"https:\/\/deavilaabogados.com\/blog\/#website"},"datePublished":"2022-03-21T08:37:17+00:00","dateModified":"2022-03-21T08:37:19+00:00","breadcrumb":{"@id":"https:\/\/deavilaabogados.com\/blog\/2022\/03\/21\/modelo-de-convocatoria-a-junta-general-ordinaria\/#breadcrumb"},"inLanguage":"es","potentialAction":[{"@type":"ReadAction","target":["https:\/\/deavilaabogados.com\/blog\/2022\/03\/21\/modelo-de-convocatoria-a-junta-general-ordinaria\/"]}]},{"@type":"BreadcrumbList","@id":"https:\/\/deavilaabogados.com\/blog\/2022\/03\/21\/modelo-de-convocatoria-a-junta-general-ordinaria\/#breadcrumb","itemListElement":[{"@type":"ListItem","position":1,"name":"Portada","item":"https:\/\/deavilaabogados.com\/blog\/"},{"@type":"ListItem","position":2,"name":"Modelo de convocatoria a Junta General Ordinaria"}]},{"@type":"WebSite","@id":"https:\/\/deavilaabogados.com\/blog\/#website","url":"https:\/\/deavilaabogados.com\/blog\/","name":"De \u00c1vila Abogados Blog","description":"Abogados especialistas en propiedad","publisher":{"@id":"https:\/\/deavilaabogados.com\/blog\/#organization"},"potentialAction":[{"@type":"SearchAction","target":{"@type":"EntryPoint","urlTemplate":"https:\/\/deavilaabogados.com\/blog\/?s={search_term_string}"},"query-input":"required name=search_term_string"}],"inLanguage":"es"},{"@type":"Organization","@id":"https:\/\/deavilaabogados.com\/blog\/#organization","name":"De \u00c1vila Abogados Blog","url":"https:\/\/deavilaabogados.com\/blog\/","logo":{"@type":"ImageObject","inLanguage":"es","@id":"https:\/\/deavilaabogados.com\/blog\/#\/schema\/logo\/image\/","url":"https:\/\/deavilaabogados.com\/blog\/wp-content\/uploads\/2022\/03\/logo-transparente.png","contentUrl":"https:\/\/deavilaabogados.com\/blog\/wp-content\/uploads\/2022\/03\/logo-transparente.png","width":1000,"height":351,"caption":"De \u00c1vila Abogados Blog"},"image":{"@id":"https:\/\/deavilaabogados.com\/blog\/#\/schema\/logo\/image\/"},"sameAs":["https:\/\/www.facebook.com\/bufetedeavila","https:\/\/twitter.com\/Bufete_DeAvila"]},{"@type":"Person","@id":"https:\/\/deavilaabogados.com\/blog\/#\/schema\/person\/653920f6b3a8583f0b82394cf1c793ce","name":"Patricia Cebolla De \u00c1vila","image":{"@type":"ImageObject","inLanguage":"es","@id":"https:\/\/deavilaabogados.com\/blog\/#\/schema\/person\/image\/","url":"https:\/\/secure.gravatar.com\/avatar\/98713b7f45cf48f108e24cfc454f7df357ab6ab98841ba100340638c5081c9cc?s=96&d=mm&r=g","contentUrl":"https:\/\/secure.gravatar.com\/avatar\/98713b7f45cf48f108e24cfc454f7df357ab6ab98841ba100340638c5081c9cc?s=96&d=mm&r=g","caption":"Patricia Cebolla De \u00c1vila"},"sameAs":["https:\/\/deavilaabogados.com\/blog"],"url":"https:\/\/deavilaabogados.com\/blog\/author\/javierdeavila\/"}]}},"_links":{"self":[{"href":"https:\/\/deavilaabogados.com\/blog\/wp-json\/wp\/v2\/posts\/6045","targetHints":{"allow":["GET"]}}],"collection":[{"href":"https:\/\/deavilaabogados.com\/blog\/wp-json\/wp\/v2\/posts"}],"about":[{"href":"https:\/\/deavilaabogados.com\/blog\/wp-json\/wp\/v2\/types\/post"}],"author":[{"embeddable":true,"href":"https:\/\/deavilaabogados.com\/blog\/wp-json\/wp\/v2\/users\/1"}],"replies":[{"embeddable":true,"href":"https:\/\/deavilaabogados.com\/blog\/wp-json\/wp\/v2\/comments?post=6045"}],"version-history":[{"count":1,"href":"https:\/\/deavilaabogados.com\/blog\/wp-json\/wp\/v2\/posts\/6045\/revisions"}],"predecessor-version":[{"id":6048,"href":"https:\/\/deavilaabogados.com\/blog\/wp-json\/wp\/v2\/posts\/6045\/revisions\/6048"}],"wp:featuredmedia":[{"embeddable":true,"href":"https:\/\/deavilaabogados.com\/blog\/wp-json\/wp\/v2\/media\/6047"}],"wp:attachment":[{"href":"https:\/\/deavilaabogados.com\/blog\/wp-json\/wp\/v2\/media?parent=6045"}],"wp:term":[{"taxonomy":"category","embeddable":true,"href":"https:\/\/deavilaabogados.com\/blog\/wp-json\/wp\/v2\/categories?post=6045"},{"taxonomy":"post_tag","embeddable":true,"href":"https:\/\/deavilaabogados.com\/blog\/wp-json\/wp\/v2\/tags?post=6045"}],"curies":[{"name":"wp","href":"https:\/\/api.w.org\/{rel}","templated":true}]}}