{"id":5992,"date":"2020-03-11T09:17:00","date_gmt":"2020-03-11T14:17:00","guid":{"rendered":"https:\/\/deavilaabogados.com\/blog\/?p=5992"},"modified":"2022-03-17T10:36:14","modified_gmt":"2022-03-17T15:36:14","slug":"el-despacho-de-avilaabogados-asesora-a-los-vecinos-de-los-remedios-en-su-lucha-contra-los-ruidos-de-un-bar-de-copas","status":"publish","type":"post","link":"https:\/\/deavilaabogados.com\/blog\/2020\/03\/11\/el-despacho-de-avilaabogados-asesora-a-los-vecinos-de-los-remedios-en-su-lucha-contra-los-ruidos-de-un-bar-de-copas\/","title":{"rendered":"El Despacho De Avila&#038;Abogados asesora a los vecinos de los Remedios en su lucha contra los ruidos de un Bar de Copas"},"content":{"rendered":"\n<p>Desde hace diez a\u00f1os los vecinos de la calle Virgen del Refugio, en Los Remedios, viven un aut\u00e9ntico infierno cuando llega el fin de semana. En concreto, los que residen en los bloques cercanos al n\u00famero 6 de esta v\u00eda, donde un local situado en los bajos comerciales se ha convertido en motivo de discordia por las molestias que genera y que impiden descansar durante la noche.<\/p>\n\n\n\n<p>El negocio ha ido pasando de un due\u00f1o a otro en esta d\u00e9cada. Antes se llamaba Rumores y ahora recibe el nombre de Flow Latino. Est\u00e1 dedicado a la m\u00fasica latina, motivo por el cual congrega a un buen n\u00famero de clientes las noches de los fines de semana. A lo largo de estos a\u00f1os ha acumulado reiteradas denuncias -a las que ha tenido acceso este peri\u00f3dico- sin que la actividad haya cesado, lo que provoca la desesperaci\u00f3n de los vecinos.<\/p>\n\n\n\n<p>Muchas de estas denuncias son de particulares y otras de comunidades de vecinos, como la que defiende la abogada <strong>Patricia Cebolla,<\/strong> quien representa los derechos e intereses de los propietarios de Santa Fe,13. Esta letrada explica que el referido negocio cuenta con una licencia de la d\u00e9cada de los 90, que ha ido pasando de un due\u00f1o a otro sin que se hayan modificado las instalaciones ni adaptado a las condiciones que requiere un establecimiento de ocio nocturno.<\/p>\n\n\n\n<p>Este hecho provoca que, por ejemplo, el local carezca de limitador de sonido y que en una medici\u00f3n que se realiz\u00f3 en el dormitorio de una vivienda situada encima del pub se alcanzaran los 48 decibelios, cuando lo m\u00e1ximo permitido a partir de las 22:00 son 30.<\/p>\n\n\n\n<p>Pero el ruido no es la \u00fanica molestia que genera este bar de m\u00fasica latina, ya que en su entorno m\u00e1s inmediato se producen peleas de los clientes que los vecinos han grabado. Altercados que han provocado numerosas llamadas a la Polic\u00eda. \u00abLos agentes locales rara vez han aparecido. La que suele acudir es la Nacional, por tener la comisar\u00eda cerca\u00bb, detalla una residente que sufre cada fin de semana estos estragos.<\/p>\n\n\n\n<p>A las peleas se suman los clientes que beben fuera del local, con la \u00abconnivencia\u00bb del personal de seguridad del bar, la m\u00fasica de los coches que aparcan cerca y hasta el consumo de estupefacientes. Los vecinos aseguran que el establecimiento acumula varias \u00f3rdenes de cierre que \u00abincumple\u00bb. \u00abEste fin de semana debe permanecer cerrado\u00bb, asegura la abogada, que abunda en que el bar de m\u00fasica se lleva abierto muchos d\u00edas hasta las 6:00, cuando tiene de hora l\u00edmite las 4:00.<\/p>\n\n\n\n<p><a href=\"https:\/\/www.diariodesevilla.es\/sevilla\/bar-musica-latina-discordia-Remedios-video_0_1646836610.html\" data-type=\"URL\" data-id=\"https:\/\/www.diariodesevilla.es\/sevilla\/bar-musica-latina-discordia-Remedios-video_0_1646836610.html\">Enlace a la noticia Diario de Sevilla<\/a><\/p>\n\n\n\n<p>Foto de Juan Carlos Mu\u00f1oz<\/p>\n\n\n\n<p><strong>La ley de propiedad horizontal<br><\/strong>Por estos motivos, se va a aportar todo el material gr\u00e1fico y los v\u00eddeos de las peleas para que se abra un expediente y en la Gerencia de Urbanismo se le retire la licencia. Tambi\u00e9n acudir\u00e1n a los juzgados, por la v\u00eda civil, para reclamar una acci\u00f3n de cesaci\u00f3n de actividades molestas , posibilidad que contempla la ley de propiedad horizontal que asiste a los vecinos.<\/p>\n\n\n\n<p>Tales hechos se dan a conocer despu\u00e9s de que este peri\u00f3dico se hiciera eco de las molestias que soportan muchas noches los vecinos de la calle Jes\u00fas del Gran Poder, entre otros motivos, por un negocio de ocio nocturno que hay en esta v\u00eda del Casco Antiguo y en cuyas inmediaciones los clientes beben y hablan a voces a altas horas de la madrugada.<\/p>\n","protected":false},"excerpt":{"rendered":"<p>Desde hace diez a\u00f1os los vecinos de la calle Virgen del Refugio, en Los Remedios, viven un aut\u00e9ntico infierno cuando llega el fin de semana. En concreto, los que residen en los bloques cercanos al n\u00famero 6 de esta v\u00eda, donde un local situado en los bajos comerciales se ha convertido en motivo de discordia [&hellip;]<\/p>\n","protected":false},"author":1,"featured_media":5993,"comment_status":"open","ping_status":"open","sticky":false,"template":"","format":"standard","meta":{"footnotes":""},"categories":[1,113],"tags":[],"class_list":["post-5992","post","type-post","status-publish","format-standard","has-post-thumbnail","hentry","category-juridico","category-noticias"],"yoast_head":"<!-- This site is optimized with the Yoast SEO plugin v20.5 - https:\/\/yoast.com\/wordpress\/plugins\/seo\/ -->\n<title>El Despacho De Avila&amp;Abogados asesora a los vecinos de los Remedios en su lucha contra los ruidos de un Bar de Copas - De Avila Abogados Blog<\/title>\n<meta name=\"robots\" content=\"index, follow, max-snippet:-1, max-image-preview:large, max-video-preview:-1\" \/>\n<link rel=\"canonical\" href=\"https:\/\/deavilaabogados.com\/blog\/2020\/03\/11\/el-despacho-de-avilaabogados-asesora-a-los-vecinos-de-los-remedios-en-su-lucha-contra-los-ruidos-de-un-bar-de-copas\/\" \/>\n<meta property=\"og:locale\" content=\"es_ES\" \/>\n<meta property=\"og:type\" content=\"article\" \/>\n<meta property=\"og:title\" content=\"El Despacho De Avila&amp;Abogados asesora a los vecinos de los Remedios en su lucha contra los ruidos de un Bar de Copas - De Avila Abogados Blog\" \/>\n<meta property=\"og:description\" content=\"Desde hace diez a\u00f1os los vecinos de la calle Virgen del Refugio, en Los Remedios, viven un aut\u00e9ntico infierno cuando llega el fin de semana. En concreto, los que residen en los bloques cercanos al n\u00famero 6 de esta v\u00eda, donde un local situado en los bajos comerciales se ha convertido en motivo de discordia [&hellip;]\" \/>\n<meta property=\"og:url\" content=\"https:\/\/deavilaabogados.com\/blog\/2020\/03\/11\/el-despacho-de-avilaabogados-asesora-a-los-vecinos-de-los-remedios-en-su-lucha-contra-los-ruidos-de-un-bar-de-copas\/\" \/>\n<meta property=\"og:site_name\" content=\"De Avila Abogados Blog\" \/>\n<meta property=\"article:publisher\" content=\"https:\/\/www.facebook.com\/bufetedeavila\" \/>\n<meta property=\"article:published_time\" content=\"2020-03-11T14:17:00+00:00\" \/>\n<meta property=\"article:modified_time\" content=\"2022-03-17T15:36:14+00:00\" \/>\n<meta property=\"og:image\" content=\"https:\/\/deavilaabogados.com\/blog\/wp-content\/uploads\/2022\/03\/musica-Flow-Latino-comerciales-residencial_1646846042_150312339_1200x900.jpeg\" \/>\n\t<meta property=\"og:image:width\" content=\"1200\" \/>\n\t<meta property=\"og:image:height\" content=\"900\" \/>\n\t<meta property=\"og:image:type\" content=\"image\/jpeg\" \/>\n<meta name=\"author\" content=\"Patricia Cebolla De \u00c1vila\" \/>\n<meta name=\"twitter:card\" content=\"summary_large_image\" \/>\n<meta name=\"twitter:creator\" content=\"@Bufete_DeAvila\" \/>\n<meta name=\"twitter:site\" content=\"@Bufete_DeAvila\" \/>\n<meta name=\"twitter:label1\" content=\"Escrito por\" \/>\n\t<meta name=\"twitter:data1\" content=\"Patricia Cebolla De \u00c1vila\" \/>\n\t<meta name=\"twitter:label2\" content=\"Tiempo de lectura\" \/>\n\t<meta name=\"twitter:data2\" content=\"3 minutos\" \/>\n<script type=\"application\/ld+json\" class=\"yoast-schema-graph\">{\"@context\":\"https:\/\/schema.org\",\"@graph\":[{\"@type\":\"Article\",\"@id\":\"https:\/\/deavilaabogados.com\/blog\/2020\/03\/11\/el-despacho-de-avilaabogados-asesora-a-los-vecinos-de-los-remedios-en-su-lucha-contra-los-ruidos-de-un-bar-de-copas\/#article\",\"isPartOf\":{\"@id\":\"https:\/\/deavilaabogados.com\/blog\/2020\/03\/11\/el-despacho-de-avilaabogados-asesora-a-los-vecinos-de-los-remedios-en-su-lucha-contra-los-ruidos-de-un-bar-de-copas\/\"},\"author\":{\"name\":\"Patricia Cebolla De \u00c1vila\",\"@id\":\"https:\/\/deavilaabogados.com\/blog\/#\/schema\/person\/653920f6b3a8583f0b82394cf1c793ce\"},\"headline\":\"El Despacho De Avila&#038;Abogados asesora a los vecinos de los Remedios en su lucha contra los ruidos de un Bar de Copas\",\"datePublished\":\"2020-03-11T14:17:00+00:00\",\"dateModified\":\"2022-03-17T15:36:14+00:00\",\"mainEntityOfPage\":{\"@id\":\"https:\/\/deavilaabogados.com\/blog\/2020\/03\/11\/el-despacho-de-avilaabogados-asesora-a-los-vecinos-de-los-remedios-en-su-lucha-contra-los-ruidos-de-un-bar-de-copas\/\"},\"wordCount\":623,\"commentCount\":0,\"publisher\":{\"@id\":\"https:\/\/deavilaabogados.com\/blog\/#organization\"},\"articleSection\":[\"Jur\u00eddico\",\"Noticias\"],\"inLanguage\":\"es\",\"potentialAction\":[{\"@type\":\"CommentAction\",\"name\":\"Comment\",\"target\":[\"https:\/\/deavilaabogados.com\/blog\/2020\/03\/11\/el-despacho-de-avilaabogados-asesora-a-los-vecinos-de-los-remedios-en-su-lucha-contra-los-ruidos-de-un-bar-de-copas\/#respond\"]}]},{\"@type\":\"WebPage\",\"@id\":\"https:\/\/deavilaabogados.com\/blog\/2020\/03\/11\/el-despacho-de-avilaabogados-asesora-a-los-vecinos-de-los-remedios-en-su-lucha-contra-los-ruidos-de-un-bar-de-copas\/\",\"url\":\"https:\/\/deavilaabogados.com\/blog\/2020\/03\/11\/el-despacho-de-avilaabogados-asesora-a-los-vecinos-de-los-remedios-en-su-lucha-contra-los-ruidos-de-un-bar-de-copas\/\",\"name\":\"El Despacho De Avila&Abogados asesora a los vecinos de los Remedios en su lucha contra los ruidos de un Bar de Copas - De Avila Abogados Blog\",\"isPartOf\":{\"@id\":\"https:\/\/deavilaabogados.com\/blog\/#website\"},\"datePublished\":\"2020-03-11T14:17:00+00:00\",\"dateModified\":\"2022-03-17T15:36:14+00:00\",\"breadcrumb\":{\"@id\":\"https:\/\/deavilaabogados.com\/blog\/2020\/03\/11\/el-despacho-de-avilaabogados-asesora-a-los-vecinos-de-los-remedios-en-su-lucha-contra-los-ruidos-de-un-bar-de-copas\/#breadcrumb\"},\"inLanguage\":\"es\",\"potentialAction\":[{\"@type\":\"ReadAction\",\"target\":[\"https:\/\/deavilaabogados.com\/blog\/2020\/03\/11\/el-despacho-de-avilaabogados-asesora-a-los-vecinos-de-los-remedios-en-su-lucha-contra-los-ruidos-de-un-bar-de-copas\/\"]}]},{\"@type\":\"BreadcrumbList\",\"@id\":\"https:\/\/deavilaabogados.com\/blog\/2020\/03\/11\/el-despacho-de-avilaabogados-asesora-a-los-vecinos-de-los-remedios-en-su-lucha-contra-los-ruidos-de-un-bar-de-copas\/#breadcrumb\",\"itemListElement\":[{\"@type\":\"ListItem\",\"position\":1,\"name\":\"Portada\",\"item\":\"https:\/\/deavilaabogados.com\/blog\/\"},{\"@type\":\"ListItem\",\"position\":2,\"name\":\"El Despacho De Avila&#038;Abogados asesora a los vecinos de los Remedios en su lucha contra los ruidos de un Bar de Copas\"}]},{\"@type\":\"WebSite\",\"@id\":\"https:\/\/deavilaabogados.com\/blog\/#website\",\"url\":\"https:\/\/deavilaabogados.com\/blog\/\",\"name\":\"De \u00c1vila Abogados Blog\",\"description\":\"Abogados especialistas en propiedad\",\"publisher\":{\"@id\":\"https:\/\/deavilaabogados.com\/blog\/#organization\"},\"potentialAction\":[{\"@type\":\"SearchAction\",\"target\":{\"@type\":\"EntryPoint\",\"urlTemplate\":\"https:\/\/deavilaabogados.com\/blog\/?s={search_term_string}\"},\"query-input\":\"required name=search_term_string\"}],\"inLanguage\":\"es\"},{\"@type\":\"Organization\",\"@id\":\"https:\/\/deavilaabogados.com\/blog\/#organization\",\"name\":\"De \u00c1vila Abogados Blog\",\"url\":\"https:\/\/deavilaabogados.com\/blog\/\",\"logo\":{\"@type\":\"ImageObject\",\"inLanguage\":\"es\",\"@id\":\"https:\/\/deavilaabogados.com\/blog\/#\/schema\/logo\/image\/\",\"url\":\"https:\/\/deavilaabogados.com\/blog\/wp-content\/uploads\/2022\/03\/logo-transparente.png\",\"contentUrl\":\"https:\/\/deavilaabogados.com\/blog\/wp-content\/uploads\/2022\/03\/logo-transparente.png\",\"width\":1000,\"height\":351,\"caption\":\"De \u00c1vila Abogados Blog\"},\"image\":{\"@id\":\"https:\/\/deavilaabogados.com\/blog\/#\/schema\/logo\/image\/\"},\"sameAs\":[\"https:\/\/www.facebook.com\/bufetedeavila\",\"https:\/\/twitter.com\/Bufete_DeAvila\"]},{\"@type\":\"Person\",\"@id\":\"https:\/\/deavilaabogados.com\/blog\/#\/schema\/person\/653920f6b3a8583f0b82394cf1c793ce\",\"name\":\"Patricia Cebolla De \u00c1vila\",\"image\":{\"@type\":\"ImageObject\",\"inLanguage\":\"es\",\"@id\":\"https:\/\/deavilaabogados.com\/blog\/#\/schema\/person\/image\/\",\"url\":\"https:\/\/secure.gravatar.com\/avatar\/98713b7f45cf48f108e24cfc454f7df357ab6ab98841ba100340638c5081c9cc?s=96&d=mm&r=g\",\"contentUrl\":\"https:\/\/secure.gravatar.com\/avatar\/98713b7f45cf48f108e24cfc454f7df357ab6ab98841ba100340638c5081c9cc?s=96&d=mm&r=g\",\"caption\":\"Patricia Cebolla De \u00c1vila\"},\"sameAs\":[\"https:\/\/deavilaabogados.com\/blog\"],\"url\":\"https:\/\/deavilaabogados.com\/blog\/author\/javierdeavila\/\"}]}<\/script>\n<!-- \/ Yoast SEO plugin. -->","yoast_head_json":{"title":"El Despacho De Avila&Abogados asesora a los vecinos de los Remedios en su lucha contra los ruidos de un Bar de Copas - De Avila Abogados Blog","robots":{"index":"index","follow":"follow","max-snippet":"max-snippet:-1","max-image-preview":"max-image-preview:large","max-video-preview":"max-video-preview:-1"},"canonical":"https:\/\/deavilaabogados.com\/blog\/2020\/03\/11\/el-despacho-de-avilaabogados-asesora-a-los-vecinos-de-los-remedios-en-su-lucha-contra-los-ruidos-de-un-bar-de-copas\/","og_locale":"es_ES","og_type":"article","og_title":"El Despacho De Avila&Abogados asesora a los vecinos de los Remedios en su lucha contra los ruidos de un Bar de Copas - De Avila Abogados Blog","og_description":"Desde hace diez a\u00f1os los vecinos de la calle Virgen del Refugio, en Los Remedios, viven un aut\u00e9ntico infierno cuando llega el fin de semana. En concreto, los que residen en los bloques cercanos al n\u00famero 6 de esta v\u00eda, donde un local situado en los bajos comerciales se ha convertido en motivo de discordia [&hellip;]","og_url":"https:\/\/deavilaabogados.com\/blog\/2020\/03\/11\/el-despacho-de-avilaabogados-asesora-a-los-vecinos-de-los-remedios-en-su-lucha-contra-los-ruidos-de-un-bar-de-copas\/","og_site_name":"De Avila Abogados Blog","article_publisher":"https:\/\/www.facebook.com\/bufetedeavila","article_published_time":"2020-03-11T14:17:00+00:00","article_modified_time":"2022-03-17T15:36:14+00:00","og_image":[{"width":1200,"height":900,"url":"https:\/\/deavilaabogados.com\/blog\/wp-content\/uploads\/2022\/03\/musica-Flow-Latino-comerciales-residencial_1646846042_150312339_1200x900.jpeg","type":"image\/jpeg"}],"author":"Patricia Cebolla De \u00c1vila","twitter_card":"summary_large_image","twitter_creator":"@Bufete_DeAvila","twitter_site":"@Bufete_DeAvila","twitter_misc":{"Escrito por":"Patricia Cebolla De \u00c1vila","Tiempo de lectura":"3 minutos"},"schema":{"@context":"https:\/\/schema.org","@graph":[{"@type":"Article","@id":"https:\/\/deavilaabogados.com\/blog\/2020\/03\/11\/el-despacho-de-avilaabogados-asesora-a-los-vecinos-de-los-remedios-en-su-lucha-contra-los-ruidos-de-un-bar-de-copas\/#article","isPartOf":{"@id":"https:\/\/deavilaabogados.com\/blog\/2020\/03\/11\/el-despacho-de-avilaabogados-asesora-a-los-vecinos-de-los-remedios-en-su-lucha-contra-los-ruidos-de-un-bar-de-copas\/"},"author":{"name":"Patricia Cebolla De \u00c1vila","@id":"https:\/\/deavilaabogados.com\/blog\/#\/schema\/person\/653920f6b3a8583f0b82394cf1c793ce"},"headline":"El Despacho De Avila&#038;Abogados asesora a los vecinos de los Remedios en su lucha contra los ruidos de un Bar de Copas","datePublished":"2020-03-11T14:17:00+00:00","dateModified":"2022-03-17T15:36:14+00:00","mainEntityOfPage":{"@id":"https:\/\/deavilaabogados.com\/blog\/2020\/03\/11\/el-despacho-de-avilaabogados-asesora-a-los-vecinos-de-los-remedios-en-su-lucha-contra-los-ruidos-de-un-bar-de-copas\/"},"wordCount":623,"commentCount":0,"publisher":{"@id":"https:\/\/deavilaabogados.com\/blog\/#organization"},"articleSection":["Jur\u00eddico","Noticias"],"inLanguage":"es","potentialAction":[{"@type":"CommentAction","name":"Comment","target":["https:\/\/deavilaabogados.com\/blog\/2020\/03\/11\/el-despacho-de-avilaabogados-asesora-a-los-vecinos-de-los-remedios-en-su-lucha-contra-los-ruidos-de-un-bar-de-copas\/#respond"]}]},{"@type":"WebPage","@id":"https:\/\/deavilaabogados.com\/blog\/2020\/03\/11\/el-despacho-de-avilaabogados-asesora-a-los-vecinos-de-los-remedios-en-su-lucha-contra-los-ruidos-de-un-bar-de-copas\/","url":"https:\/\/deavilaabogados.com\/blog\/2020\/03\/11\/el-despacho-de-avilaabogados-asesora-a-los-vecinos-de-los-remedios-en-su-lucha-contra-los-ruidos-de-un-bar-de-copas\/","name":"El Despacho De Avila&Abogados asesora a los vecinos de los Remedios en su lucha contra los ruidos de un Bar de Copas - De Avila Abogados Blog","isPartOf":{"@id":"https:\/\/deavilaabogados.com\/blog\/#website"},"datePublished":"2020-03-11T14:17:00+00:00","dateModified":"2022-03-17T15:36:14+00:00","breadcrumb":{"@id":"https:\/\/deavilaabogados.com\/blog\/2020\/03\/11\/el-despacho-de-avilaabogados-asesora-a-los-vecinos-de-los-remedios-en-su-lucha-contra-los-ruidos-de-un-bar-de-copas\/#breadcrumb"},"inLanguage":"es","potentialAction":[{"@type":"ReadAction","target":["https:\/\/deavilaabogados.com\/blog\/2020\/03\/11\/el-despacho-de-avilaabogados-asesora-a-los-vecinos-de-los-remedios-en-su-lucha-contra-los-ruidos-de-un-bar-de-copas\/"]}]},{"@type":"BreadcrumbList","@id":"https:\/\/deavilaabogados.com\/blog\/2020\/03\/11\/el-despacho-de-avilaabogados-asesora-a-los-vecinos-de-los-remedios-en-su-lucha-contra-los-ruidos-de-un-bar-de-copas\/#breadcrumb","itemListElement":[{"@type":"ListItem","position":1,"name":"Portada","item":"https:\/\/deavilaabogados.com\/blog\/"},{"@type":"ListItem","position":2,"name":"El Despacho De Avila&#038;Abogados asesora a los vecinos de los Remedios en su lucha contra los ruidos de un Bar de Copas"}]},{"@type":"WebSite","@id":"https:\/\/deavilaabogados.com\/blog\/#website","url":"https:\/\/deavilaabogados.com\/blog\/","name":"De \u00c1vila Abogados Blog","description":"Abogados especialistas en propiedad","publisher":{"@id":"https:\/\/deavilaabogados.com\/blog\/#organization"},"potentialAction":[{"@type":"SearchAction","target":{"@type":"EntryPoint","urlTemplate":"https:\/\/deavilaabogados.com\/blog\/?s={search_term_string}"},"query-input":"required name=search_term_string"}],"inLanguage":"es"},{"@type":"Organization","@id":"https:\/\/deavilaabogados.com\/blog\/#organization","name":"De \u00c1vila Abogados Blog","url":"https:\/\/deavilaabogados.com\/blog\/","logo":{"@type":"ImageObject","inLanguage":"es","@id":"https:\/\/deavilaabogados.com\/blog\/#\/schema\/logo\/image\/","url":"https:\/\/deavilaabogados.com\/blog\/wp-content\/uploads\/2022\/03\/logo-transparente.png","contentUrl":"https:\/\/deavilaabogados.com\/blog\/wp-content\/uploads\/2022\/03\/logo-transparente.png","width":1000,"height":351,"caption":"De \u00c1vila Abogados Blog"},"image":{"@id":"https:\/\/deavilaabogados.com\/blog\/#\/schema\/logo\/image\/"},"sameAs":["https:\/\/www.facebook.com\/bufetedeavila","https:\/\/twitter.com\/Bufete_DeAvila"]},{"@type":"Person","@id":"https:\/\/deavilaabogados.com\/blog\/#\/schema\/person\/653920f6b3a8583f0b82394cf1c793ce","name":"Patricia Cebolla De \u00c1vila","image":{"@type":"ImageObject","inLanguage":"es","@id":"https:\/\/deavilaabogados.com\/blog\/#\/schema\/person\/image\/","url":"https:\/\/secure.gravatar.com\/avatar\/98713b7f45cf48f108e24cfc454f7df357ab6ab98841ba100340638c5081c9cc?s=96&d=mm&r=g","contentUrl":"https:\/\/secure.gravatar.com\/avatar\/98713b7f45cf48f108e24cfc454f7df357ab6ab98841ba100340638c5081c9cc?s=96&d=mm&r=g","caption":"Patricia Cebolla De \u00c1vila"},"sameAs":["https:\/\/deavilaabogados.com\/blog"],"url":"https:\/\/deavilaabogados.com\/blog\/author\/javierdeavila\/"}]}},"_links":{"self":[{"href":"https:\/\/deavilaabogados.com\/blog\/wp-json\/wp\/v2\/posts\/5992","targetHints":{"allow":["GET"]}}],"collection":[{"href":"https:\/\/deavilaabogados.com\/blog\/wp-json\/wp\/v2\/posts"}],"about":[{"href":"https:\/\/deavilaabogados.com\/blog\/wp-json\/wp\/v2\/types\/post"}],"author":[{"embeddable":true,"href":"https:\/\/deavilaabogados.com\/blog\/wp-json\/wp\/v2\/users\/1"}],"replies":[{"embeddable":true,"href":"https:\/\/deavilaabogados.com\/blog\/wp-json\/wp\/v2\/comments?post=5992"}],"version-history":[{"count":1,"href":"https:\/\/deavilaabogados.com\/blog\/wp-json\/wp\/v2\/posts\/5992\/revisions"}],"predecessor-version":[{"id":5994,"href":"https:\/\/deavilaabogados.com\/blog\/wp-json\/wp\/v2\/posts\/5992\/revisions\/5994"}],"wp:featuredmedia":[{"embeddable":true,"href":"https:\/\/deavilaabogados.com\/blog\/wp-json\/wp\/v2\/media\/5993"}],"wp:attachment":[{"href":"https:\/\/deavilaabogados.com\/blog\/wp-json\/wp\/v2\/media?parent=5992"}],"wp:term":[{"taxonomy":"category","embeddable":true,"href":"https:\/\/deavilaabogados.com\/blog\/wp-json\/wp\/v2\/categories?post=5992"},{"taxonomy":"post_tag","embeddable":true,"href":"https:\/\/deavilaabogados.com\/blog\/wp-json\/wp\/v2\/tags?post=5992"}],"curies":[{"name":"wp","href":"https:\/\/api.w.org\/{rel}","templated":true}]}}