{"id":1083,"date":"2022-06-23T09:17:06","date_gmt":"2022-06-23T14:17:06","guid":{"rendered":"http:\/\/behold.qodeinteractive.com\/?p=1083"},"modified":"2023-03-20T03:12:36","modified_gmt":"2023-03-20T08:12:36","slug":"como-colocar-aire-acondicionada-fachada-edificio","status":"publish","type":"post","link":"https:\/\/deavilaabogados.com\/blog\/2022\/06\/23\/como-colocar-aire-acondicionada-fachada-edificio\/","title":{"rendered":"Como colocar un aire acondicionado en la fachada de mi bloque\ufffc"},"content":{"rendered":"\t\t<div data-elementor-type=\"wp-post\" data-elementor-id=\"1083\" class=\"elementor elementor-1083\">\n\t\t\t\t\t\t\t\t\t<section class=\"elementor-section elementor-top-section elementor-element elementor-element-8c9f165 elementor-section-boxed elementor-section-height-default elementor-section-height-default qodef-elementor-content-no\" data-id=\"8c9f165\" data-element_type=\"section\">\n\t\t\t\t\t\t<div class=\"elementor-container elementor-column-gap-default\">\n\t\t\t\t\t<div class=\"elementor-column elementor-col-100 elementor-top-column elementor-element elementor-element-3ed2ecf\" data-id=\"3ed2ecf\" data-element_type=\"column\">\n\t\t\t<div class=\"elementor-widget-wrap elementor-element-populated\">\n\t\t\t\t\t\t\t\t<div class=\"elementor-element elementor-element-0a3d800 elementor-widget elementor-widget-behold_core_dropcaps\" data-id=\"0a3d800\" data-element_type=\"widget\" data-widget_type=\"behold_core_dropcaps.default\">\n\t\t\t\t<div class=\"elementor-widget-container\">\n\t\t\t<div class=\"qodef-shortcode qodef-m  qodef-dropcaps qodef-type--simple\">\n\t<span class=\"qodef-m-letter\" >C<\/span>\n\t\t\t<p class=\"qodef-m-text\" >\u00f3mo colocar un aire acondicionado en la fachada de mi bloque\n\nUno de los problemas m\u00e1s recurrentes en las Comunidades de Propietarios es la realizaci\u00f3n de obras por propietarios que afectan a elementos comunes, fachada, azoteas, patios comunitarios\u2026 en este post vamos a prevenir e informaros de que hay que hacer para evitar tener problemas con la comunidad de vuestro bloque.\n\nEn primer lugar, hay que pedir autorizaci\u00f3n a la Junta de Propietarios para colocar un aire acondicionado en la fachada, en la cubierta de la comunidad, techar un patio comunitario, cerrar una terraza y cualquier obra o modificaci\u00f3n que afecte a zonas comunitarias.<\/p>\n\t<\/div>\t\t<\/div>\n\t\t\t\t<\/div>\n\t\t\t\t\t<\/div>\n\t\t<\/div>\n\t\t\t\t\t\t\t<\/div>\n\t\t<\/section>\n\t\t\t\t<section class=\"elementor-section elementor-top-section elementor-element elementor-element-5140b4c elementor-section-boxed elementor-section-height-default elementor-section-height-default qodef-elementor-content-no\" data-id=\"5140b4c\" data-element_type=\"section\">\n\t\t\t\t\t\t<div class=\"elementor-container elementor-column-gap-default\">\n\t\t\t\t\t<div class=\"elementor-column elementor-col-100 elementor-top-column elementor-element elementor-element-363a183\" data-id=\"363a183\" data-element_type=\"column\">\n\t\t\t<div class=\"elementor-widget-wrap elementor-element-populated\">\n\t\t\t\t\t\t\t\t<div class=\"elementor-element elementor-element-f0c67d8 elementor-widget elementor-widget-behold_core_blockquote\" data-id=\"f0c67d8\" data-element_type=\"widget\" data-widget_type=\"behold_core_blockquote.default\">\n\t\t\t\t<div class=\"elementor-widget-container\">\n\t\t\t<blockquote class=\"qodef-shortcode qodef-m  qodef-blockquote qodef-blockquote-9925 qodef-layout--simple\" style=\"padding: 0 32% 0 13%\">\n    <p>No sirve el argumento por el cual, como todos los propietarios tiene un aire en la fachada yo lo pongo\n\n<\/p>\n<\/blockquote>\t\t<\/div>\n\t\t\t\t<\/div>\n\t\t\t\t\t<\/div>\n\t\t<\/div>\n\t\t\t\t\t\t\t<\/div>\n\t\t<\/section>\n\t\t\t\t<section class=\"elementor-section elementor-top-section elementor-element elementor-element-a67d6b1 elementor-section-boxed elementor-section-height-default elementor-section-height-default qodef-elementor-content-no\" data-id=\"a67d6b1\" data-element_type=\"section\">\n\t\t\t\t\t\t<div class=\"elementor-container elementor-column-gap-default\">\n\t\t\t\t\t<div class=\"elementor-column elementor-col-100 elementor-top-column elementor-element elementor-element-5a364b2\" data-id=\"5a364b2\" data-element_type=\"column\">\n\t\t\t<div class=\"elementor-widget-wrap elementor-element-populated\">\n\t\t\t\t\t\t\t\t<div class=\"elementor-element elementor-element-2a1ef47 elementor-widget elementor-widget-text-editor\" data-id=\"2a1ef47\" data-element_type=\"widget\" data-widget_type=\"text-editor.default\">\n\t\t\t\t<div class=\"elementor-widget-container\">\n\t\t\t<style>\/*! elementor - v3.11.5 - 14-03-2023 *\/\n.elementor-widget-text-editor.elementor-drop-cap-view-stacked .elementor-drop-cap{background-color:#818a91;color:#fff}.elementor-widget-text-editor.elementor-drop-cap-view-framed .elementor-drop-cap{color:#818a91;border:3px solid;background-color:transparent}.elementor-widget-text-editor:not(.elementor-drop-cap-view-default) .elementor-drop-cap{margin-top:8px}.elementor-widget-text-editor:not(.elementor-drop-cap-view-default) .elementor-drop-cap-letter{width:1em;height:1em}.elementor-widget-text-editor .elementor-drop-cap{float:left;text-align:center;line-height:1;font-size:50px}.elementor-widget-text-editor .elementor-drop-cap-letter{display:inline-block}<\/style>\t\t\t\t<p>No sirve el argumento por el cual, como todos los propietarios tiene un aire en la fachada yo lo pongo o como hay propietarios que han cerrado sus terrazas yo la cierro, porque seg\u00fan los tribunales, el que otros propietarios lo tengan no libra a nadie de la obligaci\u00f3n de pedir permiso a la Junta de Propietarios y si la comunidad te demanda, ganar\u00e1 y te obligar\u00e1 a quitar el aire o cerramiento de la terraza.<\/p><p><br \/>Que ocurrir\u00eda si la Comunidad no te autoriza, pero otros propietarios tienen aires en la fachada, que tendr\u00e1s que impugnar el acta en la cual niegan la autorizaci\u00f3n, porque la decisi\u00f3n es contraria a la ley, por ser una decisi\u00f3n discriminatoria.<\/p><p><br \/>Y si aun as\u00ed decides ponerlo desoyendo nuestros consejos, solo te queda cruzar los dedos para que la Comunidad no te demande, porque si lo hace, tendr\u00e1s que quitarlo y pagar las costas.<\/p><p><br \/>Hacer las cosas por buenas o por las bravas esa es la cuesti\u00f3n.<\/p>\t\t\t\t\t\t<\/div>\n\t\t\t\t<\/div>\n\t\t\t\t\t<\/div>\n\t\t<\/div>\n\t\t\t\t\t\t\t<\/div>\n\t\t<\/section>\n\t\t\t\t\t\t\t<\/div>\n\t\t","protected":false},"excerpt":{"rendered":"<p>C \u00f3mo colocar un aire acondicionado en la fachada de mi bloque Uno de los problemas m\u00e1s recurrentes en las Comunidades de Propietarios es la realizaci\u00f3n de obras por propietarios que afectan a elementos comunes, fachada, azoteas, patios comunitarios\u2026 en este post vamos a prevenir e informaros de que hay que hacer para evitar tener [&hellip;]<\/p>\n","protected":false},"author":1,"featured_media":5946,"comment_status":"open","ping_status":"open","sticky":false,"template":"","format":"standard","meta":{"footnotes":""},"categories":[116,1],"tags":[],"class_list":["post-1083","post","type-post","status-publish","format-standard","has-post-thumbnail","hentry","category-consejos","category-juridico"],"yoast_head":"<!-- This site is optimized with the Yoast SEO plugin v20.5 - https:\/\/yoast.com\/wordpress\/plugins\/seo\/ -->\n<title>Como colocar un aire acondicionado en la fachada de mi bloque\ufffc - De Avila Abogados Blog<\/title>\n<meta name=\"robots\" content=\"index, follow, max-snippet:-1, max-image-preview:large, max-video-preview:-1\" \/>\n<link rel=\"canonical\" href=\"https:\/\/deavilaabogados.com\/blog\/2022\/06\/23\/como-colocar-aire-acondicionada-fachada-edificio\/\" \/>\n<meta property=\"og:locale\" content=\"es_ES\" \/>\n<meta property=\"og:type\" content=\"article\" \/>\n<meta property=\"og:title\" content=\"Como colocar un aire acondicionado en la fachada de mi bloque\ufffc - De Avila Abogados Blog\" \/>\n<meta property=\"og:description\" content=\"C \u00f3mo colocar un aire acondicionado en la fachada de mi bloque Uno de los problemas m\u00e1s recurrentes en las Comunidades de Propietarios es la realizaci\u00f3n de obras por propietarios que afectan a elementos comunes, fachada, azoteas, patios comunitarios\u2026 en este post vamos a prevenir e informaros de que hay que hacer para evitar tener [&hellip;]\" \/>\n<meta property=\"og:url\" content=\"https:\/\/deavilaabogados.com\/blog\/2022\/06\/23\/como-colocar-aire-acondicionada-fachada-edificio\/\" \/>\n<meta property=\"og:site_name\" content=\"De Avila Abogados Blog\" \/>\n<meta property=\"article:publisher\" content=\"https:\/\/www.facebook.com\/bufetedeavila\" \/>\n<meta property=\"article:published_time\" content=\"2022-06-23T14:17:06+00:00\" \/>\n<meta property=\"article:modified_time\" content=\"2023-03-20T08:12:36+00:00\" \/>\n<meta property=\"og:image\" content=\"https:\/\/deavilaabogados.com\/blog\/wp-content\/uploads\/2020\/03\/abogado-reunido-mujeres.jpg\" \/>\n\t<meta property=\"og:image:width\" content=\"1500\" \/>\n\t<meta property=\"og:image:height\" content=\"1000\" \/>\n\t<meta property=\"og:image:type\" content=\"image\/jpeg\" \/>\n<meta name=\"author\" content=\"Patricia Cebolla De \u00c1vila\" \/>\n<meta name=\"twitter:card\" content=\"summary_large_image\" \/>\n<meta name=\"twitter:creator\" content=\"@Bufete_DeAvila\" \/>\n<meta name=\"twitter:site\" content=\"@Bufete_DeAvila\" \/>\n<meta name=\"twitter:label1\" content=\"Escrito por\" \/>\n\t<meta name=\"twitter:data1\" content=\"Patricia Cebolla De \u00c1vila\" \/>\n\t<meta name=\"twitter:label2\" content=\"Tiempo de lectura\" \/>\n\t<meta name=\"twitter:data2\" content=\"2 minutos\" \/>\n<script type=\"application\/ld+json\" class=\"yoast-schema-graph\">{\"@context\":\"https:\/\/schema.org\",\"@graph\":[{\"@type\":\"Article\",\"@id\":\"https:\/\/deavilaabogados.com\/blog\/2022\/06\/23\/como-colocar-aire-acondicionada-fachada-edificio\/#article\",\"isPartOf\":{\"@id\":\"https:\/\/deavilaabogados.com\/blog\/2022\/06\/23\/como-colocar-aire-acondicionada-fachada-edificio\/\"},\"author\":{\"name\":\"Patricia Cebolla De \u00c1vila\",\"@id\":\"https:\/\/deavilaabogados.com\/blog\/#\/schema\/person\/653920f6b3a8583f0b82394cf1c793ce\"},\"headline\":\"Como colocar un aire acondicionado en la fachada de mi bloque\ufffc\",\"datePublished\":\"2022-06-23T14:17:06+00:00\",\"dateModified\":\"2023-03-20T08:12:36+00:00\",\"mainEntityOfPage\":{\"@id\":\"https:\/\/deavilaabogados.com\/blog\/2022\/06\/23\/como-colocar-aire-acondicionada-fachada-edificio\/\"},\"wordCount\":312,\"commentCount\":0,\"publisher\":{\"@id\":\"https:\/\/deavilaabogados.com\/blog\/#organization\"},\"articleSection\":[\"Consejos\",\"Jur\u00eddico\"],\"inLanguage\":\"es\",\"potentialAction\":[{\"@type\":\"CommentAction\",\"name\":\"Comment\",\"target\":[\"https:\/\/deavilaabogados.com\/blog\/2022\/06\/23\/como-colocar-aire-acondicionada-fachada-edificio\/#respond\"]}]},{\"@type\":\"WebPage\",\"@id\":\"https:\/\/deavilaabogados.com\/blog\/2022\/06\/23\/como-colocar-aire-acondicionada-fachada-edificio\/\",\"url\":\"https:\/\/deavilaabogados.com\/blog\/2022\/06\/23\/como-colocar-aire-acondicionada-fachada-edificio\/\",\"name\":\"Como colocar un aire acondicionado en la fachada de mi bloque\ufffc - De Avila Abogados Blog\",\"isPartOf\":{\"@id\":\"https:\/\/deavilaabogados.com\/blog\/#website\"},\"datePublished\":\"2022-06-23T14:17:06+00:00\",\"dateModified\":\"2023-03-20T08:12:36+00:00\",\"breadcrumb\":{\"@id\":\"https:\/\/deavilaabogados.com\/blog\/2022\/06\/23\/como-colocar-aire-acondicionada-fachada-edificio\/#breadcrumb\"},\"inLanguage\":\"es\",\"potentialAction\":[{\"@type\":\"ReadAction\",\"target\":[\"https:\/\/deavilaabogados.com\/blog\/2022\/06\/23\/como-colocar-aire-acondicionada-fachada-edificio\/\"]}]},{\"@type\":\"BreadcrumbList\",\"@id\":\"https:\/\/deavilaabogados.com\/blog\/2022\/06\/23\/como-colocar-aire-acondicionada-fachada-edificio\/#breadcrumb\",\"itemListElement\":[{\"@type\":\"ListItem\",\"position\":1,\"name\":\"Portada\",\"item\":\"https:\/\/deavilaabogados.com\/blog\/\"},{\"@type\":\"ListItem\",\"position\":2,\"name\":\"Como colocar un aire acondicionado en la fachada de mi bloque\ufffc\"}]},{\"@type\":\"WebSite\",\"@id\":\"https:\/\/deavilaabogados.com\/blog\/#website\",\"url\":\"https:\/\/deavilaabogados.com\/blog\/\",\"name\":\"De \u00c1vila Abogados Blog\",\"description\":\"Abogados especialistas en propiedad\",\"publisher\":{\"@id\":\"https:\/\/deavilaabogados.com\/blog\/#organization\"},\"potentialAction\":[{\"@type\":\"SearchAction\",\"target\":{\"@type\":\"EntryPoint\",\"urlTemplate\":\"https:\/\/deavilaabogados.com\/blog\/?s={search_term_string}\"},\"query-input\":\"required name=search_term_string\"}],\"inLanguage\":\"es\"},{\"@type\":\"Organization\",\"@id\":\"https:\/\/deavilaabogados.com\/blog\/#organization\",\"name\":\"De \u00c1vila Abogados Blog\",\"url\":\"https:\/\/deavilaabogados.com\/blog\/\",\"logo\":{\"@type\":\"ImageObject\",\"inLanguage\":\"es\",\"@id\":\"https:\/\/deavilaabogados.com\/blog\/#\/schema\/logo\/image\/\",\"url\":\"https:\/\/deavilaabogados.com\/blog\/wp-content\/uploads\/2022\/03\/logo-transparente.png\",\"contentUrl\":\"https:\/\/deavilaabogados.com\/blog\/wp-content\/uploads\/2022\/03\/logo-transparente.png\",\"width\":1000,\"height\":351,\"caption\":\"De \u00c1vila Abogados Blog\"},\"image\":{\"@id\":\"https:\/\/deavilaabogados.com\/blog\/#\/schema\/logo\/image\/\"},\"sameAs\":[\"https:\/\/www.facebook.com\/bufetedeavila\",\"https:\/\/twitter.com\/Bufete_DeAvila\"]},{\"@type\":\"Person\",\"@id\":\"https:\/\/deavilaabogados.com\/blog\/#\/schema\/person\/653920f6b3a8583f0b82394cf1c793ce\",\"name\":\"Patricia Cebolla De \u00c1vila\",\"image\":{\"@type\":\"ImageObject\",\"inLanguage\":\"es\",\"@id\":\"https:\/\/deavilaabogados.com\/blog\/#\/schema\/person\/image\/\",\"url\":\"https:\/\/secure.gravatar.com\/avatar\/98713b7f45cf48f108e24cfc454f7df357ab6ab98841ba100340638c5081c9cc?s=96&d=mm&r=g\",\"contentUrl\":\"https:\/\/secure.gravatar.com\/avatar\/98713b7f45cf48f108e24cfc454f7df357ab6ab98841ba100340638c5081c9cc?s=96&d=mm&r=g\",\"caption\":\"Patricia Cebolla De \u00c1vila\"},\"sameAs\":[\"https:\/\/deavilaabogados.com\/blog\"],\"url\":\"https:\/\/deavilaabogados.com\/blog\/author\/javierdeavila\/\"}]}<\/script>\n<!-- \/ Yoast SEO plugin. -->","yoast_head_json":{"title":"Como colocar un aire acondicionado en la fachada de mi bloque\ufffc - De Avila Abogados Blog","robots":{"index":"index","follow":"follow","max-snippet":"max-snippet:-1","max-image-preview":"max-image-preview:large","max-video-preview":"max-video-preview:-1"},"canonical":"https:\/\/deavilaabogados.com\/blog\/2022\/06\/23\/como-colocar-aire-acondicionada-fachada-edificio\/","og_locale":"es_ES","og_type":"article","og_title":"Como colocar un aire acondicionado en la fachada de mi bloque\ufffc - De Avila Abogados Blog","og_description":"C \u00f3mo colocar un aire acondicionado en la fachada de mi bloque Uno de los problemas m\u00e1s recurrentes en las Comunidades de Propietarios es la realizaci\u00f3n de obras por propietarios que afectan a elementos comunes, fachada, azoteas, patios comunitarios\u2026 en este post vamos a prevenir e informaros de que hay que hacer para evitar tener [&hellip;]","og_url":"https:\/\/deavilaabogados.com\/blog\/2022\/06\/23\/como-colocar-aire-acondicionada-fachada-edificio\/","og_site_name":"De Avila Abogados Blog","article_publisher":"https:\/\/www.facebook.com\/bufetedeavila","article_published_time":"2022-06-23T14:17:06+00:00","article_modified_time":"2023-03-20T08:12:36+00:00","og_image":[{"width":1500,"height":1000,"url":"https:\/\/deavilaabogados.com\/blog\/wp-content\/uploads\/2020\/03\/abogado-reunido-mujeres.jpg","type":"image\/jpeg"}],"author":"Patricia Cebolla De \u00c1vila","twitter_card":"summary_large_image","twitter_creator":"@Bufete_DeAvila","twitter_site":"@Bufete_DeAvila","twitter_misc":{"Escrito por":"Patricia Cebolla De \u00c1vila","Tiempo de lectura":"2 minutos"},"schema":{"@context":"https:\/\/schema.org","@graph":[{"@type":"Article","@id":"https:\/\/deavilaabogados.com\/blog\/2022\/06\/23\/como-colocar-aire-acondicionada-fachada-edificio\/#article","isPartOf":{"@id":"https:\/\/deavilaabogados.com\/blog\/2022\/06\/23\/como-colocar-aire-acondicionada-fachada-edificio\/"},"author":{"name":"Patricia Cebolla De \u00c1vila","@id":"https:\/\/deavilaabogados.com\/blog\/#\/schema\/person\/653920f6b3a8583f0b82394cf1c793ce"},"headline":"Como colocar un aire acondicionado en la fachada de mi bloque\ufffc","datePublished":"2022-06-23T14:17:06+00:00","dateModified":"2023-03-20T08:12:36+00:00","mainEntityOfPage":{"@id":"https:\/\/deavilaabogados.com\/blog\/2022\/06\/23\/como-colocar-aire-acondicionada-fachada-edificio\/"},"wordCount":312,"commentCount":0,"publisher":{"@id":"https:\/\/deavilaabogados.com\/blog\/#organization"},"articleSection":["Consejos","Jur\u00eddico"],"inLanguage":"es","potentialAction":[{"@type":"CommentAction","name":"Comment","target":["https:\/\/deavilaabogados.com\/blog\/2022\/06\/23\/como-colocar-aire-acondicionada-fachada-edificio\/#respond"]}]},{"@type":"WebPage","@id":"https:\/\/deavilaabogados.com\/blog\/2022\/06\/23\/como-colocar-aire-acondicionada-fachada-edificio\/","url":"https:\/\/deavilaabogados.com\/blog\/2022\/06\/23\/como-colocar-aire-acondicionada-fachada-edificio\/","name":"Como colocar un aire acondicionado en la fachada de mi bloque\ufffc - De Avila Abogados Blog","isPartOf":{"@id":"https:\/\/deavilaabogados.com\/blog\/#website"},"datePublished":"2022-06-23T14:17:06+00:00","dateModified":"2023-03-20T08:12:36+00:00","breadcrumb":{"@id":"https:\/\/deavilaabogados.com\/blog\/2022\/06\/23\/como-colocar-aire-acondicionada-fachada-edificio\/#breadcrumb"},"inLanguage":"es","potentialAction":[{"@type":"ReadAction","target":["https:\/\/deavilaabogados.com\/blog\/2022\/06\/23\/como-colocar-aire-acondicionada-fachada-edificio\/"]}]},{"@type":"BreadcrumbList","@id":"https:\/\/deavilaabogados.com\/blog\/2022\/06\/23\/como-colocar-aire-acondicionada-fachada-edificio\/#breadcrumb","itemListElement":[{"@type":"ListItem","position":1,"name":"Portada","item":"https:\/\/deavilaabogados.com\/blog\/"},{"@type":"ListItem","position":2,"name":"Como colocar un aire acondicionado en la fachada de mi bloque\ufffc"}]},{"@type":"WebSite","@id":"https:\/\/deavilaabogados.com\/blog\/#website","url":"https:\/\/deavilaabogados.com\/blog\/","name":"De \u00c1vila Abogados Blog","description":"Abogados especialistas en propiedad","publisher":{"@id":"https:\/\/deavilaabogados.com\/blog\/#organization"},"potentialAction":[{"@type":"SearchAction","target":{"@type":"EntryPoint","urlTemplate":"https:\/\/deavilaabogados.com\/blog\/?s={search_term_string}"},"query-input":"required name=search_term_string"}],"inLanguage":"es"},{"@type":"Organization","@id":"https:\/\/deavilaabogados.com\/blog\/#organization","name":"De \u00c1vila Abogados Blog","url":"https:\/\/deavilaabogados.com\/blog\/","logo":{"@type":"ImageObject","inLanguage":"es","@id":"https:\/\/deavilaabogados.com\/blog\/#\/schema\/logo\/image\/","url":"https:\/\/deavilaabogados.com\/blog\/wp-content\/uploads\/2022\/03\/logo-transparente.png","contentUrl":"https:\/\/deavilaabogados.com\/blog\/wp-content\/uploads\/2022\/03\/logo-transparente.png","width":1000,"height":351,"caption":"De \u00c1vila Abogados Blog"},"image":{"@id":"https:\/\/deavilaabogados.com\/blog\/#\/schema\/logo\/image\/"},"sameAs":["https:\/\/www.facebook.com\/bufetedeavila","https:\/\/twitter.com\/Bufete_DeAvila"]},{"@type":"Person","@id":"https:\/\/deavilaabogados.com\/blog\/#\/schema\/person\/653920f6b3a8583f0b82394cf1c793ce","name":"Patricia Cebolla De \u00c1vila","image":{"@type":"ImageObject","inLanguage":"es","@id":"https:\/\/deavilaabogados.com\/blog\/#\/schema\/person\/image\/","url":"https:\/\/secure.gravatar.com\/avatar\/98713b7f45cf48f108e24cfc454f7df357ab6ab98841ba100340638c5081c9cc?s=96&d=mm&r=g","contentUrl":"https:\/\/secure.gravatar.com\/avatar\/98713b7f45cf48f108e24cfc454f7df357ab6ab98841ba100340638c5081c9cc?s=96&d=mm&r=g","caption":"Patricia Cebolla De \u00c1vila"},"sameAs":["https:\/\/deavilaabogados.com\/blog"],"url":"https:\/\/deavilaabogados.com\/blog\/author\/javierdeavila\/"}]}},"_links":{"self":[{"href":"https:\/\/deavilaabogados.com\/blog\/wp-json\/wp\/v2\/posts\/1083","targetHints":{"allow":["GET"]}}],"collection":[{"href":"https:\/\/deavilaabogados.com\/blog\/wp-json\/wp\/v2\/posts"}],"about":[{"href":"https:\/\/deavilaabogados.com\/blog\/wp-json\/wp\/v2\/types\/post"}],"author":[{"embeddable":true,"href":"https:\/\/deavilaabogados.com\/blog\/wp-json\/wp\/v2\/users\/1"}],"replies":[{"embeddable":true,"href":"https:\/\/deavilaabogados.com\/blog\/wp-json\/wp\/v2\/comments?post=1083"}],"version-history":[{"count":8,"href":"https:\/\/deavilaabogados.com\/blog\/wp-json\/wp\/v2\/posts\/1083\/revisions"}],"predecessor-version":[{"id":5678,"href":"https:\/\/deavilaabogados.com\/blog\/wp-json\/wp\/v2\/posts\/1083\/revisions\/5678"}],"wp:featuredmedia":[{"embeddable":true,"href":"https:\/\/deavilaabogados.com\/blog\/wp-json\/wp\/v2\/media\/5946"}],"wp:attachment":[{"href":"https:\/\/deavilaabogados.com\/blog\/wp-json\/wp\/v2\/media?parent=1083"}],"wp:term":[{"taxonomy":"category","embeddable":true,"href":"https:\/\/deavilaabogados.com\/blog\/wp-json\/wp\/v2\/categories?post=1083"},{"taxonomy":"post_tag","embeddable":true,"href":"https:\/\/deavilaabogados.com\/blog\/wp-json\/wp\/v2\/tags?post=1083"}],"curies":[{"name":"wp","href":"https:\/\/api.w.org\/{rel}","templated":true}]}}