{"id":1072,"date":"2020-03-23T08:16:03","date_gmt":"2020-03-23T13:16:03","guid":{"rendered":"http:\/\/behold.qodeinteractive.com\/?p=1072"},"modified":"2022-03-16T08:32:25","modified_gmt":"2022-03-16T13:32:25","slug":"comprar-vivienda-regimen-comunidad","status":"publish","type":"post","link":"https:\/\/deavilaabogados.com\/blog\/2020\/03\/23\/comprar-vivienda-regimen-comunidad\/","title":{"rendered":"Comprar una vivienda en r\u00e9gimen de Comunidad"},"content":{"rendered":"\t\t<div data-elementor-type=\"wp-post\" data-elementor-id=\"1072\" class=\"elementor elementor-1072\">\n\t\t\t\t\t\t\t\t\t<section class=\"elementor-section elementor-top-section elementor-element elementor-element-f672cc4 elementor-section-boxed elementor-section-height-default elementor-section-height-default qodef-elementor-content-no\" data-id=\"f672cc4\" data-element_type=\"section\">\n\t\t\t\t\t\t<div class=\"elementor-container elementor-column-gap-default\">\n\t\t\t\t\t<div class=\"elementor-column elementor-col-100 elementor-top-column elementor-element elementor-element-a8bd9d9\" data-id=\"a8bd9d9\" data-element_type=\"column\">\n\t\t\t<div class=\"elementor-widget-wrap elementor-element-populated\">\n\t\t\t\t\t\t\t\t<div class=\"elementor-element elementor-element-d8fc297 elementor-widget elementor-widget-text-editor\" data-id=\"d8fc297\" data-element_type=\"widget\" data-widget_type=\"text-editor.default\">\n\t\t\t\t<div class=\"elementor-widget-container\">\n\t\t\t<style>\/*! elementor - v3.11.5 - 14-03-2023 *\/\n.elementor-widget-text-editor.elementor-drop-cap-view-stacked .elementor-drop-cap{background-color:#818a91;color:#fff}.elementor-widget-text-editor.elementor-drop-cap-view-framed .elementor-drop-cap{color:#818a91;border:3px solid;background-color:transparent}.elementor-widget-text-editor:not(.elementor-drop-cap-view-default) .elementor-drop-cap{margin-top:8px}.elementor-widget-text-editor:not(.elementor-drop-cap-view-default) .elementor-drop-cap-letter{width:1em;height:1em}.elementor-widget-text-editor .elementor-drop-cap{float:left;text-align:center;line-height:1;font-size:50px}.elementor-widget-text-editor .elementor-drop-cap-letter{display:inline-block}<\/style>\t\t\t\t<p>Cuando compramos una vivienda, estamos tan ocupados en que nos guste o se adapte a nuestras necesidades y en si la podemos pagar o si nos van a conceder la hipoteca, que se nos olvida investigar o interesarnos por las Comunidad de Propietarios, c\u00f3mo son los vecinos, cu\u00e1nto se paga, c\u00f3mo funciona, sin saber que algo que parece intranscendente, puede condicionar nuestra vida y convertir nuestro sue\u00f1o de ser propietarios en una pesadilla.<\/p><p><br \/>Tan complicada puede ser la convivencia con nuestra pareja, como con nuestros vecinos, pero siempre nos pensamos si irnos a vivir con alguien, pero no indagamos absolutamente nada sobre la Comunidad de la que vamos a ser parte.<\/p><p><br \/>Puede darse el caso de que el vendedor venda porque no puede soportar los ruidos y las molestias del vecino, \u00bfcrees que te va a informar de ello cuando est\u00e1 desesperado por deshacerse de su vivienda?<\/p><p><br \/>Puede que la Comunidad de Propietarios est\u00e9 obligada a acometer obras importantes en el edificio, que vayan a suponer una gran derrama y te encuentres con una sorpresa de miles de euros.<\/p><p><br \/>Puedes que en la Comunidad haya vecinos que no sepan guardar las m\u00ednimas normas de convivencia y rompan y ensucien los elementos Comunes.<\/p><p><br \/>Puedes estar en el mejor edificio del mundo en apariencia, pero que la mitad de los propietarios no paguen y tengan que sostener los gastos el resto.<\/p><p><br \/>Pueden ser tantas cosas\u2026 que una charla con el Presidente de la Comunidad, con el Administrador, con algunos vecinos antes de lanzarte a tu nueva relaci\u00f3n, te puede confirmar el flechazo.<\/p>\t\t\t\t\t\t<\/div>\n\t\t\t\t<\/div>\n\t\t\t\t\t<\/div>\n\t\t<\/div>\n\t\t\t\t\t\t\t<\/div>\n\t\t<\/section>\n\t\t\t\t\t\t\t<\/div>\n\t\t","protected":false},"excerpt":{"rendered":"<p>Dolor sit amet, consectetur adipiscing elit, sed do eiusmod tempor incididunt ut labore et dolore magna aliqua. Ut enim ad minim veniam, quis nostrud exercitation ullamco laboris nisi ut aliquip ex ea commodo consequat. Duis aute irure dolor in reprehenderit in voluptate velit esse cillum dolore eu fugiat nulla pariatur. Excepteur sint occaecat cupidatat non [&hellip;]<\/p>\n","protected":false},"author":1,"featured_media":5944,"comment_status":"open","ping_status":"open","sticky":false,"template":"","format":"standard","meta":{"footnotes":""},"categories":[116,1],"tags":[],"class_list":["post-1072","post","type-post","status-publish","format-standard","has-post-thumbnail","hentry","category-consejos","category-juridico"],"yoast_head":"<!-- This site is optimized with the Yoast SEO plugin v20.5 - https:\/\/yoast.com\/wordpress\/plugins\/seo\/ -->\n<title>Comprar una vivienda en r\u00e9gimen de Comunidad - De Avila Abogados Blog<\/title>\n<meta name=\"robots\" content=\"index, follow, max-snippet:-1, max-image-preview:large, max-video-preview:-1\" \/>\n<link rel=\"canonical\" href=\"https:\/\/deavilaabogados.com\/blog\/2020\/03\/23\/comprar-vivienda-regimen-comunidad\/\" \/>\n<meta property=\"og:locale\" content=\"es_ES\" \/>\n<meta property=\"og:type\" content=\"article\" \/>\n<meta property=\"og:title\" content=\"Comprar una vivienda en r\u00e9gimen de Comunidad - De Avila Abogados Blog\" \/>\n<meta property=\"og:description\" content=\"Dolor sit amet, consectetur adipiscing elit, sed do eiusmod tempor incididunt ut labore et dolore magna aliqua. Ut enim ad minim veniam, quis nostrud exercitation ullamco laboris nisi ut aliquip ex ea commodo consequat. Duis aute irure dolor in reprehenderit in voluptate velit esse cillum dolore eu fugiat nulla pariatur. Excepteur sint occaecat cupidatat non [&hellip;]\" \/>\n<meta property=\"og:url\" content=\"https:\/\/deavilaabogados.com\/blog\/2020\/03\/23\/comprar-vivienda-regimen-comunidad\/\" \/>\n<meta property=\"og:site_name\" content=\"De Avila Abogados Blog\" \/>\n<meta property=\"article:publisher\" content=\"https:\/\/www.facebook.com\/bufetedeavila\" \/>\n<meta property=\"article:published_time\" content=\"2020-03-23T13:16:03+00:00\" \/>\n<meta property=\"article:modified_time\" content=\"2022-03-16T13:32:25+00:00\" \/>\n<meta property=\"og:image\" content=\"https:\/\/deavilaabogados.com\/blog\/wp-content\/uploads\/2020\/03\/pareja-comprando-piso.jpg\" \/>\n\t<meta property=\"og:image:width\" content=\"1303\" \/>\n\t<meta property=\"og:image:height\" content=\"911\" \/>\n\t<meta property=\"og:image:type\" content=\"image\/jpeg\" \/>\n<meta name=\"author\" content=\"Patricia Cebolla De \u00c1vila\" \/>\n<meta name=\"twitter:card\" content=\"summary_large_image\" \/>\n<meta name=\"twitter:creator\" content=\"@Bufete_DeAvila\" \/>\n<meta name=\"twitter:site\" content=\"@Bufete_DeAvila\" \/>\n<meta name=\"twitter:label1\" content=\"Escrito por\" \/>\n\t<meta name=\"twitter:data1\" content=\"Patricia Cebolla De \u00c1vila\" \/>\n\t<meta name=\"twitter:label2\" content=\"Tiempo de lectura\" \/>\n\t<meta name=\"twitter:data2\" content=\"3 minutos\" \/>\n<script type=\"application\/ld+json\" class=\"yoast-schema-graph\">{\"@context\":\"https:\/\/schema.org\",\"@graph\":[{\"@type\":\"Article\",\"@id\":\"https:\/\/deavilaabogados.com\/blog\/2020\/03\/23\/comprar-vivienda-regimen-comunidad\/#article\",\"isPartOf\":{\"@id\":\"https:\/\/deavilaabogados.com\/blog\/2020\/03\/23\/comprar-vivienda-regimen-comunidad\/\"},\"author\":{\"name\":\"Patricia Cebolla De \u00c1vila\",\"@id\":\"https:\/\/deavilaabogados.com\/blog\/#\/schema\/person\/653920f6b3a8583f0b82394cf1c793ce\"},\"headline\":\"Comprar una vivienda en r\u00e9gimen de Comunidad\",\"datePublished\":\"2020-03-23T13:16:03+00:00\",\"dateModified\":\"2022-03-16T13:32:25+00:00\",\"mainEntityOfPage\":{\"@id\":\"https:\/\/deavilaabogados.com\/blog\/2020\/03\/23\/comprar-vivienda-regimen-comunidad\/\"},\"wordCount\":548,\"commentCount\":0,\"publisher\":{\"@id\":\"https:\/\/deavilaabogados.com\/blog\/#organization\"},\"articleSection\":[\"Consejos\",\"Jur\u00eddico\"],\"inLanguage\":\"es\",\"potentialAction\":[{\"@type\":\"CommentAction\",\"name\":\"Comment\",\"target\":[\"https:\/\/deavilaabogados.com\/blog\/2020\/03\/23\/comprar-vivienda-regimen-comunidad\/#respond\"]}]},{\"@type\":\"WebPage\",\"@id\":\"https:\/\/deavilaabogados.com\/blog\/2020\/03\/23\/comprar-vivienda-regimen-comunidad\/\",\"url\":\"https:\/\/deavilaabogados.com\/blog\/2020\/03\/23\/comprar-vivienda-regimen-comunidad\/\",\"name\":\"Comprar una vivienda en r\u00e9gimen de Comunidad - De Avila Abogados Blog\",\"isPartOf\":{\"@id\":\"https:\/\/deavilaabogados.com\/blog\/#website\"},\"datePublished\":\"2020-03-23T13:16:03+00:00\",\"dateModified\":\"2022-03-16T13:32:25+00:00\",\"breadcrumb\":{\"@id\":\"https:\/\/deavilaabogados.com\/blog\/2020\/03\/23\/comprar-vivienda-regimen-comunidad\/#breadcrumb\"},\"inLanguage\":\"es\",\"potentialAction\":[{\"@type\":\"ReadAction\",\"target\":[\"https:\/\/deavilaabogados.com\/blog\/2020\/03\/23\/comprar-vivienda-regimen-comunidad\/\"]}]},{\"@type\":\"BreadcrumbList\",\"@id\":\"https:\/\/deavilaabogados.com\/blog\/2020\/03\/23\/comprar-vivienda-regimen-comunidad\/#breadcrumb\",\"itemListElement\":[{\"@type\":\"ListItem\",\"position\":1,\"name\":\"Portada\",\"item\":\"https:\/\/deavilaabogados.com\/blog\/\"},{\"@type\":\"ListItem\",\"position\":2,\"name\":\"Comprar una vivienda en r\u00e9gimen de Comunidad\"}]},{\"@type\":\"WebSite\",\"@id\":\"https:\/\/deavilaabogados.com\/blog\/#website\",\"url\":\"https:\/\/deavilaabogados.com\/blog\/\",\"name\":\"De \u00c1vila Abogados Blog\",\"description\":\"Abogados especialistas en propiedad\",\"publisher\":{\"@id\":\"https:\/\/deavilaabogados.com\/blog\/#organization\"},\"potentialAction\":[{\"@type\":\"SearchAction\",\"target\":{\"@type\":\"EntryPoint\",\"urlTemplate\":\"https:\/\/deavilaabogados.com\/blog\/?s={search_term_string}\"},\"query-input\":\"required name=search_term_string\"}],\"inLanguage\":\"es\"},{\"@type\":\"Organization\",\"@id\":\"https:\/\/deavilaabogados.com\/blog\/#organization\",\"name\":\"De \u00c1vila Abogados Blog\",\"url\":\"https:\/\/deavilaabogados.com\/blog\/\",\"logo\":{\"@type\":\"ImageObject\",\"inLanguage\":\"es\",\"@id\":\"https:\/\/deavilaabogados.com\/blog\/#\/schema\/logo\/image\/\",\"url\":\"https:\/\/deavilaabogados.com\/blog\/wp-content\/uploads\/2022\/03\/logo-transparente.png\",\"contentUrl\":\"https:\/\/deavilaabogados.com\/blog\/wp-content\/uploads\/2022\/03\/logo-transparente.png\",\"width\":1000,\"height\":351,\"caption\":\"De \u00c1vila Abogados Blog\"},\"image\":{\"@id\":\"https:\/\/deavilaabogados.com\/blog\/#\/schema\/logo\/image\/\"},\"sameAs\":[\"https:\/\/www.facebook.com\/bufetedeavila\",\"https:\/\/twitter.com\/Bufete_DeAvila\"]},{\"@type\":\"Person\",\"@id\":\"https:\/\/deavilaabogados.com\/blog\/#\/schema\/person\/653920f6b3a8583f0b82394cf1c793ce\",\"name\":\"Patricia Cebolla De \u00c1vila\",\"image\":{\"@type\":\"ImageObject\",\"inLanguage\":\"es\",\"@id\":\"https:\/\/deavilaabogados.com\/blog\/#\/schema\/person\/image\/\",\"url\":\"https:\/\/secure.gravatar.com\/avatar\/98713b7f45cf48f108e24cfc454f7df357ab6ab98841ba100340638c5081c9cc?s=96&d=mm&r=g\",\"contentUrl\":\"https:\/\/secure.gravatar.com\/avatar\/98713b7f45cf48f108e24cfc454f7df357ab6ab98841ba100340638c5081c9cc?s=96&d=mm&r=g\",\"caption\":\"Patricia Cebolla De \u00c1vila\"},\"sameAs\":[\"https:\/\/deavilaabogados.com\/blog\"],\"url\":\"https:\/\/deavilaabogados.com\/blog\/author\/javierdeavila\/\"}]}<\/script>\n<!-- \/ Yoast SEO plugin. -->","yoast_head_json":{"title":"Comprar una vivienda en r\u00e9gimen de Comunidad - De Avila Abogados Blog","robots":{"index":"index","follow":"follow","max-snippet":"max-snippet:-1","max-image-preview":"max-image-preview:large","max-video-preview":"max-video-preview:-1"},"canonical":"https:\/\/deavilaabogados.com\/blog\/2020\/03\/23\/comprar-vivienda-regimen-comunidad\/","og_locale":"es_ES","og_type":"article","og_title":"Comprar una vivienda en r\u00e9gimen de Comunidad - De Avila Abogados Blog","og_description":"Dolor sit amet, consectetur adipiscing elit, sed do eiusmod tempor incididunt ut labore et dolore magna aliqua. Ut enim ad minim veniam, quis nostrud exercitation ullamco laboris nisi ut aliquip ex ea commodo consequat. Duis aute irure dolor in reprehenderit in voluptate velit esse cillum dolore eu fugiat nulla pariatur. Excepteur sint occaecat cupidatat non [&hellip;]","og_url":"https:\/\/deavilaabogados.com\/blog\/2020\/03\/23\/comprar-vivienda-regimen-comunidad\/","og_site_name":"De Avila Abogados Blog","article_publisher":"https:\/\/www.facebook.com\/bufetedeavila","article_published_time":"2020-03-23T13:16:03+00:00","article_modified_time":"2022-03-16T13:32:25+00:00","og_image":[{"width":1303,"height":911,"url":"https:\/\/deavilaabogados.com\/blog\/wp-content\/uploads\/2020\/03\/pareja-comprando-piso.jpg","type":"image\/jpeg"}],"author":"Patricia Cebolla De \u00c1vila","twitter_card":"summary_large_image","twitter_creator":"@Bufete_DeAvila","twitter_site":"@Bufete_DeAvila","twitter_misc":{"Escrito por":"Patricia Cebolla De \u00c1vila","Tiempo de lectura":"3 minutos"},"schema":{"@context":"https:\/\/schema.org","@graph":[{"@type":"Article","@id":"https:\/\/deavilaabogados.com\/blog\/2020\/03\/23\/comprar-vivienda-regimen-comunidad\/#article","isPartOf":{"@id":"https:\/\/deavilaabogados.com\/blog\/2020\/03\/23\/comprar-vivienda-regimen-comunidad\/"},"author":{"name":"Patricia Cebolla De \u00c1vila","@id":"https:\/\/deavilaabogados.com\/blog\/#\/schema\/person\/653920f6b3a8583f0b82394cf1c793ce"},"headline":"Comprar una vivienda en r\u00e9gimen de Comunidad","datePublished":"2020-03-23T13:16:03+00:00","dateModified":"2022-03-16T13:32:25+00:00","mainEntityOfPage":{"@id":"https:\/\/deavilaabogados.com\/blog\/2020\/03\/23\/comprar-vivienda-regimen-comunidad\/"},"wordCount":548,"commentCount":0,"publisher":{"@id":"https:\/\/deavilaabogados.com\/blog\/#organization"},"articleSection":["Consejos","Jur\u00eddico"],"inLanguage":"es","potentialAction":[{"@type":"CommentAction","name":"Comment","target":["https:\/\/deavilaabogados.com\/blog\/2020\/03\/23\/comprar-vivienda-regimen-comunidad\/#respond"]}]},{"@type":"WebPage","@id":"https:\/\/deavilaabogados.com\/blog\/2020\/03\/23\/comprar-vivienda-regimen-comunidad\/","url":"https:\/\/deavilaabogados.com\/blog\/2020\/03\/23\/comprar-vivienda-regimen-comunidad\/","name":"Comprar una vivienda en r\u00e9gimen de Comunidad - De Avila Abogados Blog","isPartOf":{"@id":"https:\/\/deavilaabogados.com\/blog\/#website"},"datePublished":"2020-03-23T13:16:03+00:00","dateModified":"2022-03-16T13:32:25+00:00","breadcrumb":{"@id":"https:\/\/deavilaabogados.com\/blog\/2020\/03\/23\/comprar-vivienda-regimen-comunidad\/#breadcrumb"},"inLanguage":"es","potentialAction":[{"@type":"ReadAction","target":["https:\/\/deavilaabogados.com\/blog\/2020\/03\/23\/comprar-vivienda-regimen-comunidad\/"]}]},{"@type":"BreadcrumbList","@id":"https:\/\/deavilaabogados.com\/blog\/2020\/03\/23\/comprar-vivienda-regimen-comunidad\/#breadcrumb","itemListElement":[{"@type":"ListItem","position":1,"name":"Portada","item":"https:\/\/deavilaabogados.com\/blog\/"},{"@type":"ListItem","position":2,"name":"Comprar una vivienda en r\u00e9gimen de Comunidad"}]},{"@type":"WebSite","@id":"https:\/\/deavilaabogados.com\/blog\/#website","url":"https:\/\/deavilaabogados.com\/blog\/","name":"De \u00c1vila Abogados Blog","description":"Abogados especialistas en propiedad","publisher":{"@id":"https:\/\/deavilaabogados.com\/blog\/#organization"},"potentialAction":[{"@type":"SearchAction","target":{"@type":"EntryPoint","urlTemplate":"https:\/\/deavilaabogados.com\/blog\/?s={search_term_string}"},"query-input":"required name=search_term_string"}],"inLanguage":"es"},{"@type":"Organization","@id":"https:\/\/deavilaabogados.com\/blog\/#organization","name":"De \u00c1vila Abogados Blog","url":"https:\/\/deavilaabogados.com\/blog\/","logo":{"@type":"ImageObject","inLanguage":"es","@id":"https:\/\/deavilaabogados.com\/blog\/#\/schema\/logo\/image\/","url":"https:\/\/deavilaabogados.com\/blog\/wp-content\/uploads\/2022\/03\/logo-transparente.png","contentUrl":"https:\/\/deavilaabogados.com\/blog\/wp-content\/uploads\/2022\/03\/logo-transparente.png","width":1000,"height":351,"caption":"De \u00c1vila Abogados Blog"},"image":{"@id":"https:\/\/deavilaabogados.com\/blog\/#\/schema\/logo\/image\/"},"sameAs":["https:\/\/www.facebook.com\/bufetedeavila","https:\/\/twitter.com\/Bufete_DeAvila"]},{"@type":"Person","@id":"https:\/\/deavilaabogados.com\/blog\/#\/schema\/person\/653920f6b3a8583f0b82394cf1c793ce","name":"Patricia Cebolla De \u00c1vila","image":{"@type":"ImageObject","inLanguage":"es","@id":"https:\/\/deavilaabogados.com\/blog\/#\/schema\/person\/image\/","url":"https:\/\/secure.gravatar.com\/avatar\/98713b7f45cf48f108e24cfc454f7df357ab6ab98841ba100340638c5081c9cc?s=96&d=mm&r=g","contentUrl":"https:\/\/secure.gravatar.com\/avatar\/98713b7f45cf48f108e24cfc454f7df357ab6ab98841ba100340638c5081c9cc?s=96&d=mm&r=g","caption":"Patricia Cebolla De \u00c1vila"},"sameAs":["https:\/\/deavilaabogados.com\/blog"],"url":"https:\/\/deavilaabogados.com\/blog\/author\/javierdeavila\/"}]}},"_links":{"self":[{"href":"https:\/\/deavilaabogados.com\/blog\/wp-json\/wp\/v2\/posts\/1072","targetHints":{"allow":["GET"]}}],"collection":[{"href":"https:\/\/deavilaabogados.com\/blog\/wp-json\/wp\/v2\/posts"}],"about":[{"href":"https:\/\/deavilaabogados.com\/blog\/wp-json\/wp\/v2\/types\/post"}],"author":[{"embeddable":true,"href":"https:\/\/deavilaabogados.com\/blog\/wp-json\/wp\/v2\/users\/1"}],"replies":[{"embeddable":true,"href":"https:\/\/deavilaabogados.com\/blog\/wp-json\/wp\/v2\/comments?post=1072"}],"version-history":[{"count":5,"href":"https:\/\/deavilaabogados.com\/blog\/wp-json\/wp\/v2\/posts\/1072\/revisions"}],"predecessor-version":[{"id":5611,"href":"https:\/\/deavilaabogados.com\/blog\/wp-json\/wp\/v2\/posts\/1072\/revisions\/5611"}],"wp:featuredmedia":[{"embeddable":true,"href":"https:\/\/deavilaabogados.com\/blog\/wp-json\/wp\/v2\/media\/5944"}],"wp:attachment":[{"href":"https:\/\/deavilaabogados.com\/blog\/wp-json\/wp\/v2\/media?parent=1072"}],"wp:term":[{"taxonomy":"category","embeddable":true,"href":"https:\/\/deavilaabogados.com\/blog\/wp-json\/wp\/v2\/categories?post=1072"},{"taxonomy":"post_tag","embeddable":true,"href":"https:\/\/deavilaabogados.com\/blog\/wp-json\/wp\/v2\/tags?post=1072"}],"curies":[{"name":"wp","href":"https:\/\/api.w.org\/{rel}","templated":true}]}}